{"id":43964,"date":"2023-02-08T09:22:18","date_gmt":"2023-02-08T12:22:18","guid":{"rendered":"http:\/\/www.sincomam.org.br\/?p=43964"},"modified":"2023-02-08T09:22:18","modified_gmt":"2023-02-08T12:22:18","slug":"chuva-deixa-dois-mortos-no-estado-do-rio-capital-e-outros-municipios-ainda-tem-riscos-de-alagamentos-e-deslizamentos","status":"publish","type":"post","link":"https:\/\/www.sincomam.org.br\/index.php\/chuva-deixa-dois-mortos-no-estado-do-rio-capital-e-outros-municipios-ainda-tem-riscos-de-alagamentos-e-deslizamentos\/","title":{"rendered":"Chuva deixa dois mortos no estado do Rio; capital e outros munic\u00edpios ainda t\u00eam riscos de alagamentos e deslizamentos"},"content":{"rendered":"<p>O estado do Rio de Janeiro foi castigado pela chuva na tarde e na noite de ontem, com ocorr\u00eancias em diversos munic\u00edpios. At\u00e9 o in\u00edcio da manh\u00e3 desta quarta-feira, a Defesa Civil estadual e o Corpo de Bombeiros confirmaram o registro de duas mortes,\u00a0uma crian\u00e7a de 2 anos, v\u00edtima de desabamento, na capital, e de um homem de 27 anos atingido por um raio em Saquarema, na Regi\u00e3o dos Lagos. No balan\u00e7o divulgado nesta manh\u00e3, os bombeiros atenderam mais de 240 ocorr\u00eancias relacionadas \u00e0s chuvas desde as 17h de ter\u00e7a-feira. Ainda h\u00e1 risco de alagamentos e deslizamentos nos munic\u00edpios fluminenses.<\/p>\n<p>Os bombeiros foram acionados pouco depois das 14h de ter\u00e7a para socorrer um homem atingido por um raio, na Alameda Praia de Jacon\u00e9, no bairro Vilatur, em Saquarema. Ao chegar no local, a equipe j\u00e1 encontrou Haroldo A. J\u00fanior, de 27 anos, sem vida.<\/p>\n<p>Das 240 ocorr\u00eancias relacionadas \u00e0s chuvas atendidas pelos bombeiros desde a tarde de ontem em todo o territ\u00f3rio fluminense, 102 foram relacionadas a alagamentos e inunda\u00e7\u00f5es, 66 salvamentos de pessoas presas ou ilhadas e 45 cortes de \u00e1rvores.<\/p>\n<p>Em Petr\u00f3polis, na Regi\u00e3o Serrana, a Defesa Civil acionou as sirenes \u00e0s 17h16 para avisar sobre o risco de inunda\u00e7\u00e3o da Rua Coronel Veiga, e pediu para que a popula\u00e7\u00e3o fique atenta \u00e0s pr\u00f3ximas atualiza\u00e7\u00f5es.<\/p>\n<p>A Defesa Civil Estadual est\u00e1 em contato com as prefeituras para dar suporte caso necess\u00e1rio. O Centro Estadual de Monitoramento e Alerta de Desastres Naturais (Cemaden-RJ) segue monitorando as condi\u00e7\u00f5es meteorol\u00f3gicas e os n\u00edveis pluviom\u00e9tricos e enviando alertas para os munic\u00edpios.<\/p>\n<p>Segundo o \u00f3rg\u00e3o, a capital, as regi\u00f5es Metropolitana, Serrana e as Baixadas Litor\u00e2neas apresentam risco geol\u00f3gico alto e muito alto, nesta manh\u00e3. Niter\u00f3i, S\u00e3o Gon\u00e7alo, Cachoeiras de Macacu, Maric\u00e1, Rio de Janeiro, Nova Friburgo e Saquarema s\u00e3o pontos de aten\u00e7\u00e3o para deslizamentos.<\/p>\n<p>Na noite de ter\u00e7a-feira, foram registrados transbordos do rio Engenhoca (Niter\u00f3i), do rio Alc\u00e2ntara (S\u00e3o Gon\u00e7alo), do Ribeir\u00e3o S\u00e3o Jos\u00e9 (Bom Jardim), do rio da Aldeia (S\u00e3o Gon\u00e7alo) e do rio S\u00e3o Pedro (Maca\u00e9).<\/p>\n<h2>Morte de crian\u00e7a na capital<\/h2>\n<p>Uma crian\u00e7a de 2 anos morreu v\u00edtima de um desabamento\u00a0de uma casa causado pelas chuvas que atingiram o Rio na noite de ter\u00e7a-feira. De acordo com informa\u00e7\u00f5es preliminares, um deslizamento de terra teria atingido o im\u00f3vel e a estrutura cedeu. Segundo o Corpo de Bombeiros, a crian\u00e7a foi resgatada j\u00e1 sem vida na Ch\u00e1cara do C\u00e9u, na Tijuca, Zona Norte.<\/p>\n<p>Segundo a presidente da associa\u00e7\u00e3o de moradores do Morro do Cruz, Nataly Estev\u00e3o, dois adultos, que seriam os pais da crian\u00e7a, tamb\u00e9m estavam no im\u00f3vel, mas conseguiram sair. A mulher teve ferimentos no bra\u00e7o, mas foi liberada. A beb\u00ea ficou presa nos escombros e foi encontrada soterrada pelos bombeiros.<\/p>\n<p>\u2014 Houve um deslizamento e a casa desceu toda. H\u00e1 uns quatro meses a Defesa Civil veio aqui e fez uma vistoria. A gente sempre teve preocupa\u00e7\u00e3o que algo assim poderia acontecer, mas nada foi feito. Existem outras casas que est\u00e3o muito pr\u00f3ximas ao local onde houve o deslizamento e acredito que ainda existe risco \u2014 disse Nataly.<\/p>\n<p>O carioca ainda pode enfrentar pancadas de chuva moderada a forte durante a manh\u00e3 e tarde, segundo o Alerta Rio. Os ventos podem chegar a 51,9 km\/h. &#xfe0f;As temperaturas apresentar\u00e3o decl\u00ednio, com m\u00e1xima de 29 graus. A cidade entrou em est\u00e1gio de mobiliza\u00e7\u00e3o \u00e0 1h30, o segundo n\u00edvel em uma escala de cinco e significa que h\u00e1 riscos de ocorr\u00eancias de alto impacto na cidade. H\u00e1 possibilidade de nova mudan\u00e7a de est\u00e1gio devido \u00e0 chuva e\/ou outros fatores.<\/p>\n<p>Fonte: Extra<\/p>\n","protected":false},"excerpt":{"rendered":"<p>O estado do Rio de Janeiro foi castigado pela chuva na tarde e na noite de ontem, com ocorr\u00eancias em diversos munic\u00edpios. At\u00e9 o in\u00edcio&#8230;<\/p>\n","protected":false},"author":1527,"featured_media":43965,"comment_status":"closed","ping_status":"closed","sticky":false,"template":"","format":"standard","meta":{"footnotes":""},"categories":[6],"tags":[],"class_list":["post-43964","post","type-post","status-publish","format-standard","has-post-thumbnail","hentry","category-noticias"],"_links":{"self":[{"href":"https:\/\/www.sincomam.org.br\/index.php\/wp-json\/wp\/v2\/posts\/43964","targetHints":{"allow":["GET"]}}],"collection":[{"href":"https:\/\/www.sincomam.org.br\/index.php\/wp-json\/wp\/v2\/posts"}],"about":[{"href":"https:\/\/www.sincomam.org.br\/index.php\/wp-json\/wp\/v2\/types\/post"}],"author":[{"embeddable":true,"href":"https:\/\/www.sincomam.org.br\/index.php\/wp-json\/wp\/v2\/users\/1527"}],"replies":[{"embeddable":true,"href":"https:\/\/www.sincomam.org.br\/index.php\/wp-json\/wp\/v2\/comments?post=43964"}],"version-history":[{"count":1,"href":"https:\/\/www.sincomam.org.br\/index.php\/wp-json\/wp\/v2\/posts\/43964\/revisions"}],"predecessor-version":[{"id":43966,"href":"https:\/\/www.sincomam.org.br\/index.php\/wp-json\/wp\/v2\/posts\/43964\/revisions\/43966"}],"wp:featuredmedia":[{"embeddable":true,"href":"https:\/\/www.sincomam.org.br\/index.php\/wp-json\/wp\/v2\/media\/43965"}],"wp:attachment":[{"href":"https:\/\/www.sincomam.org.br\/index.php\/wp-json\/wp\/v2\/media?parent=43964"}],"wp:term":[{"taxonomy":"category","embeddable":true,"href":"https:\/\/www.sincomam.org.br\/index.php\/wp-json\/wp\/v2\/categories?post=43964"},{"taxonomy":"post_tag","embeddable":true,"href":"https:\/\/www.sincomam.org.br\/index.php\/wp-json\/wp\/v2\/tags?post=43964"}],"curies":[{"name":"wp","href":"https:\/\/api.w.org\/{rel}","templated":true}]}}