{"id":43948,"date":"2023-02-08T08:39:30","date_gmt":"2023-02-08T11:39:30","guid":{"rendered":"http:\/\/www.sincomam.org.br\/?p=43948"},"modified":"2023-02-08T08:39:30","modified_gmt":"2023-02-08T11:39:30","slug":"movimentacao-de-cargas-da-portosrio-atinge-615-milhoes-de-toneladas-em-2022","status":"publish","type":"post","link":"https:\/\/www.sincomam.org.br\/index.php\/movimentacao-de-cargas-da-portosrio-atinge-615-milhoes-de-toneladas-em-2022\/","title":{"rendered":"Movimenta\u00e7\u00e3o de cargas da PortosRio atinge 61,5 milh\u00f5es de toneladas em 2022"},"content":{"rendered":"<p>Os Portos do Rio de Janeiro, Niter\u00f3i, Itagua\u00ed e Angra dos Reis, geridos pela PortosRio Autoridade Portu\u00e1ria, movimentaram um total de 61,5 milh\u00f5es de toneladas em 2022. O desempenho do ano passado praticamente se manteve est\u00e1vel em rela\u00e7\u00e3o a 2021.<\/p>\n<p>Segundo os dados estat\u00edsticos consolidados pela companhia, a movimenta\u00e7\u00e3o de cargas entre janeiro e dezembro de 2022 foi 0,9% inferior ao volume movimentado no mesmo per\u00edodo de 2021, porque foi impactado pela queda na movimenta\u00e7\u00e3o de min\u00e9rio de ferro no primeiro quadrimestre do ano. Por\u00e9m, apresentou uma boa recupera\u00e7\u00e3o de 4,7% a partir do segundo quadrimestre.<\/p>\n<p>O resultado do Porto do Rio de Janeiro em 2022 foi positivo, superando em 7,7% o volume movimentado em 2021. O crescimento foi influenciado pela alta na movimenta\u00e7\u00e3o de carga conteinerizada: foram movimentados 549.553 TEUs, o que representa um crescimento de 15,4%, na compara\u00e7\u00e3o dos n\u00fameros registrados de 2022 x 2021.<\/p>\n<p>A movimenta\u00e7\u00e3o de cargas do Porto de Itagua\u00ed apresentou queda de 2,5%, em 2022, em fun\u00e7\u00e3o da estabilidade na movimenta\u00e7\u00e3o de min\u00e9rio de ferro, principal carga movimentada no porto, e do recuo na movimenta\u00e7\u00e3o de carga conteinerizada (40,5%) e carv\u00e3o (32,0%). O destaque foi o crescimento na movimenta\u00e7\u00e3o de Produtos Sider\u00fargicos (113,1%) e coque (17,6%), que compensaram, em parte, a queda no desempenho registrado no porto.<\/p>\n<div>Fonte: Portos e Navios<\/div>\n","protected":false},"excerpt":{"rendered":"<p>Os Portos do Rio de Janeiro, Niter\u00f3i, Itagua\u00ed e Angra dos Reis, geridos pela PortosRio Autoridade Portu\u00e1ria, movimentaram um total de 61,5 milh\u00f5es de toneladas&#8230;<\/p>\n","protected":false},"author":1527,"featured_media":43949,"comment_status":"closed","ping_status":"closed","sticky":false,"template":"","format":"standard","meta":{"footnotes":""},"categories":[6],"tags":[],"class_list":["post-43948","post","type-post","status-publish","format-standard","has-post-thumbnail","hentry","category-noticias"],"_links":{"self":[{"href":"https:\/\/www.sincomam.org.br\/index.php\/wp-json\/wp\/v2\/posts\/43948","targetHints":{"allow":["GET"]}}],"collection":[{"href":"https:\/\/www.sincomam.org.br\/index.php\/wp-json\/wp\/v2\/posts"}],"about":[{"href":"https:\/\/www.sincomam.org.br\/index.php\/wp-json\/wp\/v2\/types\/post"}],"author":[{"embeddable":true,"href":"https:\/\/www.sincomam.org.br\/index.php\/wp-json\/wp\/v2\/users\/1527"}],"replies":[{"embeddable":true,"href":"https:\/\/www.sincomam.org.br\/index.php\/wp-json\/wp\/v2\/comments?post=43948"}],"version-history":[{"count":1,"href":"https:\/\/www.sincomam.org.br\/index.php\/wp-json\/wp\/v2\/posts\/43948\/revisions"}],"predecessor-version":[{"id":43950,"href":"https:\/\/www.sincomam.org.br\/index.php\/wp-json\/wp\/v2\/posts\/43948\/revisions\/43950"}],"wp:featuredmedia":[{"embeddable":true,"href":"https:\/\/www.sincomam.org.br\/index.php\/wp-json\/wp\/v2\/media\/43949"}],"wp:attachment":[{"href":"https:\/\/www.sincomam.org.br\/index.php\/wp-json\/wp\/v2\/media?parent=43948"}],"wp:term":[{"taxonomy":"category","embeddable":true,"href":"https:\/\/www.sincomam.org.br\/index.php\/wp-json\/wp\/v2\/categories?post=43948"},{"taxonomy":"post_tag","embeddable":true,"href":"https:\/\/www.sincomam.org.br\/index.php\/wp-json\/wp\/v2\/tags?post=43948"}],"curies":[{"name":"wp","href":"https:\/\/api.w.org\/{rel}","templated":true}]}}