{"id":43940,"date":"2023-02-07T08:27:03","date_gmt":"2023-02-07T11:27:03","guid":{"rendered":"http:\/\/www.sincomam.org.br\/?p=43940"},"modified":"2023-02-07T08:27:03","modified_gmt":"2023-02-07T11:27:03","slug":"cluster-tecnologico-naval-e-parceiros-discutem-desafios-e-oportunidades-da-economia-azul","status":"publish","type":"post","link":"https:\/\/www.sincomam.org.br\/index.php\/cluster-tecnologico-naval-e-parceiros-discutem-desafios-e-oportunidades-da-economia-azul\/","title":{"rendered":"Cluster Tecnol\u00f3gico Naval e parceiros discutem desafios e oportunidades da Economia Azul"},"content":{"rendered":"<p>A entrega dos anais do\u00a0<u>Semin\u00e1rio Internacional Economia Azul<\/u>, do\u00a0Cluster Tecnol\u00f3gico Naval,\u00a0reuniu representantes de diversas institui\u00e7\u00f5es parceiras na sede da Firjan, em 27\/01. O material consolida o trabalho desenvolvido durante o semin\u00e1rio h\u00edbrido \u2013 que durou dois dias e foi dividido em sete pain\u00e9is com 31 palestras em novembro de 2022. A iniciativa foi poss\u00edvel gra\u00e7as a uma grande conflu\u00eancia de setores e pessoas que se envolveram no assunto.<\/p>\n<p>O\u00a0professor Andr\u00e9 Beir\u00e3o, coordenador-geral do Observat\u00f3rio de Pol\u00edticas Mar\u00edtimas, listou as principais propostas que est\u00e3o nos anais, entre elas: a inten\u00e7\u00e3o de se promover um grande F\u00f3rum do Mar em 2025 no Rio de Janeiro; a amplia\u00e7\u00e3o da explora\u00e7\u00e3o de petr\u00f3leo e g\u00e1s em campos maduros; o aumento dos sistemas de regula\u00e7\u00e3o e monitora\u00e7\u00e3o; e o incentivo a mais atividades l\u00fadicas e de lazer no mar. \u201cOs desafios s\u00e3o enormes, precisam ser continuamente repensados. Temos um farol a perseguir e levar ao novo governo federal\u201d. Ele agradeceu em especial ao Cluster, \u00e0 Firjan, \u00e0 Transpetro e \u00e0 FGV, pelo engajamento da comiss\u00e3o cient\u00edfica que ajudou a costurar as falas e os temas dos pain\u00e9is.<\/p>\n<p>M\u00e1rcio Fortes, diretor de Rela\u00e7\u00f5es Institucionais da Firjan,\u00a0lembrou os temas abordados no encontro, entre eles: economia azul; rodadas de licita\u00e7\u00f5es e um mar de oportunidades; capacita\u00e7\u00e3o profissional; ordenamento jur\u00eddico; log\u00edstica e navega\u00e7\u00e3o de apoio mar\u00edtimo; desafios nacionais e estaduais de navega\u00e7\u00e3o de cabotagem; perspectivas da ind\u00fastria naval; reciclagem de navios e plataformas.<\/p>\n<p>Representando o governo do estado, o\u00a0subsecret\u00e1rio de \u00d3leo e G\u00e1s, Daniel Lamassa, lembrou que o estado j\u00e1 tem a Comiss\u00e3o Estadual de Desenvolvimento da Economia do Mar. \u201cPetr\u00f3leo e g\u00e1s \u00e9 uma das \u00e1reas da secretaria, que investir\u00e1 tamb\u00e9m em novas energias, como e\u00f3lica offshore e hidrog\u00eanio. Os campos maduros, que v\u00e3o entrar na fase de descomissionamento, e a retomada da ind\u00fastria naval, est\u00e3o presentes nas nossas coordenadorias. Utilizem a gente. O governo est\u00e1 aqui para ouvir as dores do mercado\u201d, resumiu.<\/p>\n<p>Na semana passada, o secret\u00e1rio estadual de Energia e Economia do Mar, Hugo Leal, visitou a Firjan e tamb\u00e9m se colocou \u00e0 disposi\u00e7\u00e3o dos empres\u00e1rios fluminenses, ressaltando a import\u00e2ncia da nova nomenclatura da pasta. Leal destacou ainda o potencial energ\u00e9tico do Rio de Janeiro: \u201c40% do PIB estadual \u00e9 de petr\u00f3leo e g\u00e1s\u201d.<\/p>\n<p>Participaram ainda da mesa o contra-almirante Renato Garcia Arruda, representando a Marinha do Brasil; o deputado estadual Luiz Paulo Corr\u00eaa da Rocha, que cobrou maior planejamento estrat\u00e9gico do estado para a Economia do Mar; e o ex-comandante da Marinha, almirante Ilques Barbosa Junior, que ressaltou a import\u00e2ncia da Marinha Mercante para todos os pa\u00edses.<\/p>\n<p>Fonte: FIRJAN<\/p>\n","protected":false},"excerpt":{"rendered":"<p>A entrega dos anais do\u00a0Semin\u00e1rio Internacional Economia Azul, do\u00a0Cluster Tecnol\u00f3gico Naval,\u00a0reuniu representantes de diversas institui\u00e7\u00f5es parceiras na sede da Firjan, em 27\/01. O material consolida&#8230;<\/p>\n","protected":false},"author":1527,"featured_media":43943,"comment_status":"closed","ping_status":"closed","sticky":false,"template":"","format":"standard","meta":{"footnotes":""},"categories":[6],"tags":[],"class_list":["post-43940","post","type-post","status-publish","format-standard","has-post-thumbnail","hentry","category-noticias"],"_links":{"self":[{"href":"https:\/\/www.sincomam.org.br\/index.php\/wp-json\/wp\/v2\/posts\/43940","targetHints":{"allow":["GET"]}}],"collection":[{"href":"https:\/\/www.sincomam.org.br\/index.php\/wp-json\/wp\/v2\/posts"}],"about":[{"href":"https:\/\/www.sincomam.org.br\/index.php\/wp-json\/wp\/v2\/types\/post"}],"author":[{"embeddable":true,"href":"https:\/\/www.sincomam.org.br\/index.php\/wp-json\/wp\/v2\/users\/1527"}],"replies":[{"embeddable":true,"href":"https:\/\/www.sincomam.org.br\/index.php\/wp-json\/wp\/v2\/comments?post=43940"}],"version-history":[{"count":1,"href":"https:\/\/www.sincomam.org.br\/index.php\/wp-json\/wp\/v2\/posts\/43940\/revisions"}],"predecessor-version":[{"id":43944,"href":"https:\/\/www.sincomam.org.br\/index.php\/wp-json\/wp\/v2\/posts\/43940\/revisions\/43944"}],"wp:featuredmedia":[{"embeddable":true,"href":"https:\/\/www.sincomam.org.br\/index.php\/wp-json\/wp\/v2\/media\/43943"}],"wp:attachment":[{"href":"https:\/\/www.sincomam.org.br\/index.php\/wp-json\/wp\/v2\/media?parent=43940"}],"wp:term":[{"taxonomy":"category","embeddable":true,"href":"https:\/\/www.sincomam.org.br\/index.php\/wp-json\/wp\/v2\/categories?post=43940"},{"taxonomy":"post_tag","embeddable":true,"href":"https:\/\/www.sincomam.org.br\/index.php\/wp-json\/wp\/v2\/tags?post=43940"}],"curies":[{"name":"wp","href":"https:\/\/api.w.org\/{rel}","templated":true}]}}