{"id":43939,"date":"2023-02-07T08:24:26","date_gmt":"2023-02-07T11:24:26","guid":{"rendered":"http:\/\/www.sincomam.org.br\/?p=43939"},"modified":"2023-02-07T08:24:26","modified_gmt":"2023-02-07T11:24:26","slug":"sinaval-esta-confiante-sobre-a-retomada-dos-investimentos-do-governo-lula-na-industria-naval-e-offshore","status":"publish","type":"post","link":"https:\/\/www.sincomam.org.br\/index.php\/sinaval-esta-confiante-sobre-a-retomada-dos-investimentos-do-governo-lula-na-industria-naval-e-offshore\/","title":{"rendered":"SINAVAL est\u00e1 confiante sobre a retomada dos investimentos do Governo Lula na ind\u00fastria naval e offshore"},"content":{"rendered":"<p>As proje\u00e7\u00f5es do SINAVAL para o futuro do mercado naval brasileiro s\u00e3o bastante otimistas. O atual Ministro da Fazenda do Governo Lula, Fernando Haddad, se reuniu com representantes da empresa nesta semana. Assim, foram debatidos os investimentos para a\u00a0retomada\u00a0da ind\u00fastria naval e offshore no cen\u00e1rio brasileiro atual. Os segmentos s\u00e3o essenciais para a manuten\u00e7\u00e3o da empregabilidade no mercado nacional ao longo do mandato do presidente Lula.<\/p>\n<p>Ao longo dos \u00faltimos anos, a ind\u00fastria naval e offshore brasileira vem sofrendo com uma baixa aplica\u00e7\u00e3o de investimentos estatais.<\/p>\n<p>Al\u00e9m disso, os olhares do mercado internacional para\u00a0projetos\u00a0no pa\u00eds n\u00e3o est\u00e3o sendo t\u00e3o constantes, devido aos baixos incentivos governamentais.<\/p>\n<p>Dessa forma, o novo Governo Lula busca a retomada do setor, contando com o apoio do SINAVAL para manter a ind\u00fastria naval e offshore em andamento ao longo do seu mandato.<\/p>\n<p>O Ministro da Fazenda Fernando Haddad se reuniu com representantes da empresa para discutir a conjuntura atual dos setores.<\/p>\n<p>O pr\u00f3prio SINAVAL informou que, at\u00e9 dezembro de 2022, houve celebra\u00e7\u00e3o de quatro novos contratos de financiamento com recursos do Fundo da Marinha Mercante (FMM), totalizando R$ 491 milh\u00f5es.<\/p>\n<p>J\u00e1 no mesmo per\u00edodo do ano de 2021, foram mais de R$ 570 milh\u00f5es aplicados em seis contratos, uma queda consider\u00e1vel no ano seguinte.<\/p>\n<p>Por isso, eles est\u00e3o se aproximando para levantar a bandeira da retomada dos investimentos no segmento para fomentar novas oportunidades de emprego no Brasil.<\/p>\n<p>Com isso, al\u00e9m de incentivar a ind\u00fastria naval e offshore, o Governo Lula pode contribuir para uma melhoria na conjuntura econ\u00f4mica do pa\u00eds nos pr\u00f3ximos quatro anos.<\/p>\n<p>A reuni\u00e3o no gabinete do Ministro da Fazenda\u00a0Fernando Haddad\u00a0contou tamb\u00e9m com a entrega de uma carta do SINAVAL com as medidas governamentais necess\u00e1rias para impulsionar os segmentos nos pr\u00f3ximos anos.<\/p>\n<p>O objetivo \u00e9 conseguir do Governo Lula o apoio necess\u00e1rio para atrair investimentos fortes no setor da ind\u00fastria naval e offshore brasileira.<\/p>\n<p>A carta alerta para os principais obst\u00e1culos ao seu desenvolvimento que, para sua resolu\u00e7\u00e3o, dependem de a\u00e7\u00f5es do Governo rec\u00e9m-empossado.<\/p>\n<div>\n<p>Fernando Haddad se mostrou bastante preocupado com os baixos investimentos em projetos nos segmentos atualmente no pa\u00eds.<\/p>\n<p>Segundo ele, a ind\u00fastria naval e offshore \u00e9 essencial para a empregabilidade em todo o cen\u00e1rio nacional. Dessa forma, a conjuntura atual do setor est\u00e1 causando uma baixa taxa de oportunidades de emprego no ramo.<\/p>\n<p>Agora, o SINAVAL manter\u00e1 o di\u00e1logo aberto com o Minist\u00e9rio da Fazenda do Governo Lula e, nos pr\u00f3ximos dias, apresentar\u00e1 um documento mais extenso e aprofundado para exame do Ministro e de sua equipe de trabalho.<\/p>\n<h2 class=\"wp-block-heading\">Conhe\u00e7a o SINAVAL<\/h2>\n<p>O SINAVAL \u00e9 a institui\u00e7\u00e3o que representa os estaleiros brasileiros instalados em diversas regi\u00f5es do pa\u00eds. A miss\u00e3o do SINAVAL \u00e9 defender os interesses das ind\u00fastrias deste setor e participar de grupos de estudos em \u00f3rg\u00e3os governamentais e institui\u00e7\u00f5es de ensino e pesquisa. O SINAVAL produz e divulga informa\u00e7\u00f5es sobre o setor para a sociedade e a imprensa.<\/p>\n<p>Fonte: Click Petr\u00f3leo e G\u00e1s<\/p>\n<\/div>\n","protected":false},"excerpt":{"rendered":"<p>As proje\u00e7\u00f5es do SINAVAL para o futuro do mercado naval brasileiro s\u00e3o bastante otimistas. O atual Ministro da Fazenda do Governo Lula, Fernando Haddad, se&#8230;<\/p>\n","protected":false},"author":1527,"featured_media":43941,"comment_status":"closed","ping_status":"closed","sticky":false,"template":"","format":"standard","meta":{"footnotes":""},"categories":[6],"tags":[],"class_list":["post-43939","post","type-post","status-publish","format-standard","has-post-thumbnail","hentry","category-noticias"],"_links":{"self":[{"href":"https:\/\/www.sincomam.org.br\/index.php\/wp-json\/wp\/v2\/posts\/43939","targetHints":{"allow":["GET"]}}],"collection":[{"href":"https:\/\/www.sincomam.org.br\/index.php\/wp-json\/wp\/v2\/posts"}],"about":[{"href":"https:\/\/www.sincomam.org.br\/index.php\/wp-json\/wp\/v2\/types\/post"}],"author":[{"embeddable":true,"href":"https:\/\/www.sincomam.org.br\/index.php\/wp-json\/wp\/v2\/users\/1527"}],"replies":[{"embeddable":true,"href":"https:\/\/www.sincomam.org.br\/index.php\/wp-json\/wp\/v2\/comments?post=43939"}],"version-history":[{"count":1,"href":"https:\/\/www.sincomam.org.br\/index.php\/wp-json\/wp\/v2\/posts\/43939\/revisions"}],"predecessor-version":[{"id":43942,"href":"https:\/\/www.sincomam.org.br\/index.php\/wp-json\/wp\/v2\/posts\/43939\/revisions\/43942"}],"wp:featuredmedia":[{"embeddable":true,"href":"https:\/\/www.sincomam.org.br\/index.php\/wp-json\/wp\/v2\/media\/43941"}],"wp:attachment":[{"href":"https:\/\/www.sincomam.org.br\/index.php\/wp-json\/wp\/v2\/media?parent=43939"}],"wp:term":[{"taxonomy":"category","embeddable":true,"href":"https:\/\/www.sincomam.org.br\/index.php\/wp-json\/wp\/v2\/categories?post=43939"},{"taxonomy":"post_tag","embeddable":true,"href":"https:\/\/www.sincomam.org.br\/index.php\/wp-json\/wp\/v2\/tags?post=43939"}],"curies":[{"name":"wp","href":"https:\/\/api.w.org\/{rel}","templated":true}]}}