{"id":43936,"date":"2023-02-07T08:11:01","date_gmt":"2023-02-07T11:11:01","guid":{"rendered":"http:\/\/www.sincomam.org.br\/?p=43936"},"modified":"2023-02-07T08:11:01","modified_gmt":"2023-02-07T11:11:01","slug":"assalto-a-veleiro-chama-atencao-para-cuidados-ao-ancorar-em-areas-urbanas","status":"publish","type":"post","link":"https:\/\/www.sincomam.org.br\/index.php\/assalto-a-veleiro-chama-atencao-para-cuidados-ao-ancorar-em-areas-urbanas\/","title":{"rendered":"Assalto a veleiro chama aten\u00e7\u00e3o para cuidados ao ancorar em \u00e1reas urbanas"},"content":{"rendered":"<p>A Pol\u00edcia Civil do Cear\u00e1, por meio da Delegacia de Prote\u00e7\u00e3o ao Turista (Deprotur), com o apoio da Pol\u00edcia Militar, est\u00e1 investigando o assalto ao um veleiro de bandeira do Panam\u00e1, mas pertencente a um empres\u00e1rio brasileiro, que foi assaltado neste fim de semana quando estava ancorado nas proximidades da orla da capital cearense, a cerca de 450 metros do cal\u00e7ad\u00e3o da Avenida Beira Mar. O fato chama a aten\u00e7\u00e3o para que as pessoas que viajam em veleiros ou outras embarca\u00e7\u00f5es procurem um local seguro para ancorar, como o Iate Clube de Fortaleza ou o Marina Park Hotel.<\/p>\n<p>De acordo com informa\u00e7\u00f5es prestadas pela tripula\u00e7\u00e3o do veleiro \u2013 composta por um alem\u00e3o e dois brasileiros -, a a\u00e7\u00e3o criminosa ocorreu na madrugada deste domingo (5),\u00a0quando um grupo de quatro a seis homens armados invadiu a embarca\u00e7\u00e3o e anunciou o assalto. Sem ter como reagir, eles foram dominados e obrigados a entregar celulares, tablets, dinheiro e alguns equipamentos n\u00e1uticos.<\/p>\n<p>Para fugir, os bandidos ainda levaram o bote salva-vidas que pertencia ao veleiro. Depois do ocorrido a Pol\u00edcia foi acionada e deu in\u00edcio \u00e0s investiga\u00e7\u00f5es. Nesta segunda-feira, um trabalho em cojunto\u00a0entre as equipes da Deprotur, sob o comando do delegado Andrade J\u00fanior, al\u00e9m de policiais do BPTur e do 8\u00ba BPM, conseguiu recuperar quatro celulares, dois tablets e duas pistolas de sinaliza\u00e7\u00e3o que haviam sido roubadas, na comunidade do Castelo Encantado. As investiga\u00e7\u00f5es continuam para identificar e prender os assaltantes.<\/p>\n<p>Capitania dos Portos<\/p>\n<p>De acordo com o capit\u00e3o de Mar e Guerra Anderson Pessoa Valen\u00e7a, Capit\u00e3o dos Portos do Cear\u00e1, ao ser realizada a inspe\u00e7\u00e3o naval\u00a0foi constatado que a embarca\u00e7\u00e3o estava sem o transponder, equipamento que indentifica o seu tipo, origem e destino. Esse equipamento teria sido fundamental para o aviso \u00e0 autoridade mar\u00edtima da chegada da embarca\u00e7\u00e3o, que poderia ter\u00a0 orientado com rela\u00e7\u00e3o a algumas quest\u00f5es de seguran\u00e7a.<\/p>\n<p>A Capitania dos Portos do Cear\u00e1 tem como miss\u00e3o a seguran\u00e7a do tr\u00e1fego aquavi\u00e1rio, a salvaguarda da vida humana nas \u00e1guas e a preven\u00e7\u00e3o da polui\u00e7\u00e3o h\u00eddrica por parte de embarca\u00e7\u00f5es e plataformas.\u00a0Al\u00e9m disso, presta apoio \u00e0 navega\u00e7\u00e3o e contribui para a orienta\u00e7\u00e3o, coordena\u00e7\u00e3o e controle das atividades relativas \u00e0 Marinha Mercante e organiza\u00e7\u00f5es correlatas no Cear\u00e1. \u00c9 respons\u00e1vel pela fiscaliza\u00e7\u00e3o dos servi\u00e7os de praticagem, realiza inspe\u00e7\u00f5es navais e vistorias, auxilia o Servi\u00e7o de Salvamento Mar\u00edtimo, realiza cursos do Ensino Profissional Mar\u00edtimo e manuten\u00e7\u00e3o dos far\u00f3is do litoral cearense.<\/p>\n<p>O Capit\u00e3o dos Portos do Cear\u00e1 destacou que\u00a0nas cartas n\u00e1uticas existe um alerta de perigo para o fundeio de embarca\u00e7\u00f5es na orla de Fortaleza.\u00a0Entretanto, muitos condutores n\u00e3o acreditam nesse aviso e acabam sendo v\u00edtimas dos criminosos que atuam na regi\u00e3o.<\/p>\n<p>\u201cN\u00e3o \u00e9 adequado ancorar em qualquer local.\u00a0\u00c9 importante conhecer a \u00e1rea pela qual vai navegar e ter os equipamentos de seguran\u00e7a e de comunica\u00e7\u00e3o em bom estado de funcionamento. Se o transponder estivesse ligado, poder\u00edamos t\u00ea-los alertado para que ancorassem em local com maior seguran\u00e7a\u201d, destacou.<\/p>\n<p>Ainda de acordo com o Comandante Valen\u00e7a, esse \u00e9 um fato que acontece de modo espor\u00e1dico, quando a embarca\u00e7\u00e3o fundeia em local n\u00e3o adequado. \u201cEntendo que \u00e9 muito ruim para Fortaleza, que poderia ter uma estrutura de seguran\u00e7a melhor para as embarca\u00e7\u00f5es que desejassem parar pr\u00f3ximas \u00e0s nossas praias,\u00a0pois nossa posi\u00e7\u00e3o geogr\u00e1fica \u00e9 estrat\u00e9gica, por exemplo, para os que pretendem vir ou ir via embarca\u00e7\u00f5es para os Estados Unidos, Europa, Caribe, \u00c1frica, entre outros\u201c, lamentou.<\/p>\n<p>Fonte: Portal In<\/p>\n","protected":false},"excerpt":{"rendered":"<p>A Pol\u00edcia Civil do Cear\u00e1, por meio da Delegacia de Prote\u00e7\u00e3o ao Turista (Deprotur), com o apoio da Pol\u00edcia Militar, est\u00e1 investigando o assalto ao&#8230;<\/p>\n","protected":false},"author":1527,"featured_media":43937,"comment_status":"closed","ping_status":"closed","sticky":false,"template":"","format":"standard","meta":{"footnotes":""},"categories":[6],"tags":[],"class_list":["post-43936","post","type-post","status-publish","format-standard","has-post-thumbnail","hentry","category-noticias"],"_links":{"self":[{"href":"https:\/\/www.sincomam.org.br\/index.php\/wp-json\/wp\/v2\/posts\/43936","targetHints":{"allow":["GET"]}}],"collection":[{"href":"https:\/\/www.sincomam.org.br\/index.php\/wp-json\/wp\/v2\/posts"}],"about":[{"href":"https:\/\/www.sincomam.org.br\/index.php\/wp-json\/wp\/v2\/types\/post"}],"author":[{"embeddable":true,"href":"https:\/\/www.sincomam.org.br\/index.php\/wp-json\/wp\/v2\/users\/1527"}],"replies":[{"embeddable":true,"href":"https:\/\/www.sincomam.org.br\/index.php\/wp-json\/wp\/v2\/comments?post=43936"}],"version-history":[{"count":1,"href":"https:\/\/www.sincomam.org.br\/index.php\/wp-json\/wp\/v2\/posts\/43936\/revisions"}],"predecessor-version":[{"id":43938,"href":"https:\/\/www.sincomam.org.br\/index.php\/wp-json\/wp\/v2\/posts\/43936\/revisions\/43938"}],"wp:featuredmedia":[{"embeddable":true,"href":"https:\/\/www.sincomam.org.br\/index.php\/wp-json\/wp\/v2\/media\/43937"}],"wp:attachment":[{"href":"https:\/\/www.sincomam.org.br\/index.php\/wp-json\/wp\/v2\/media?parent=43936"}],"wp:term":[{"taxonomy":"category","embeddable":true,"href":"https:\/\/www.sincomam.org.br\/index.php\/wp-json\/wp\/v2\/categories?post=43936"},{"taxonomy":"post_tag","embeddable":true,"href":"https:\/\/www.sincomam.org.br\/index.php\/wp-json\/wp\/v2\/tags?post=43936"}],"curies":[{"name":"wp","href":"https:\/\/api.w.org\/{rel}","templated":true}]}}