{"id":43928,"date":"2023-02-07T08:25:27","date_gmt":"2023-02-07T11:25:27","guid":{"rendered":"http:\/\/www.sincomam.org.br\/?p=43928"},"modified":"2023-02-07T08:20:20","modified_gmt":"2023-02-07T11:20:20","slug":"policia-vai-apurar-se-houve-negligencia-em-caso-de-naufragio-no-rio","status":"publish","type":"post","link":"https:\/\/www.sincomam.org.br\/index.php\/policia-vai-apurar-se-houve-negligencia-em-caso-de-naufragio-no-rio\/","title":{"rendered":"Pol\u00edcia vai apurar se houve neglig\u00eancia em caso de naufr\u00e1gio no Rio"},"content":{"rendered":"<p>A Pol\u00edcia Civil abriu inqu\u00e9rito para apurar as causas do afundamento da traineira Cai\u00e7ara, que saiu da Ilha do Governador, na zona norte do Rio de Janeiro, com fam\u00edlias de moradores do bairro para um passeio pela Ba\u00eda de Guanabara at\u00e9 as proximidades da Ilha de Paquet\u00e1. O caso ser\u00e1 investigado pela 37\u00aa Delegacia Policial (Ilha do Governador).<img decoding=\"async\" src=\"https:\/\/agenciabrasil.ebc.com.br\/ebc.png?id=1508633&amp;o=node\" \/><img decoding=\"async\" src=\"https:\/\/agenciabrasil.ebc.com.br\/ebc.gif?id=1508633&amp;o=node\" \/><\/p>\n<p>Os sobreviventes ser\u00e3o ouvidos, e os agentes realizar\u00e3o dilig\u00eancias para apurar se houve neglig\u00eancia, imper\u00edcia ou imprud\u00eancia do condutor da embarca\u00e7\u00e3o.<\/p>\n<p>O comandante da embarca\u00e7\u00e3o era Marcos Paulo da Silva, tamb\u00e9m morador da Ilha do Governador, que conseguiu se salvar. Ele ser\u00e1 o primeiro a ser ouvido pela pol\u00edcia ainda esta semana.<\/p>\n<p>A Pol\u00edcia T\u00e9cnico-Cient\u00edfica identificou no Instituto M\u00e9dico-Legal Afr\u00e2nio Peixoto, por meio de exame de papiloscopia, os corpos de Juliana Gomes de Lana da Silva, de 35 anos; Everson Costa de Assun\u00e7\u00e3o, de 45 anos; Evandro Jos\u00e9 de Sena, de 55 anos; Michele Bayerl de Moraes de Sena, de 43 anos; Eduardo Borges da Silva Correa, de 14 anos; e Caio Gomes da Silva, de 3 anos.<\/p>\n<p>O mergulhador aposentado Jo\u00e3o Penha de Assun\u00e7\u00e3o, de 70 anos, disse no IML, onde foi fazer o reconhecimento do corpo do filho, Everson Costa de Assun\u00e7\u00e3o, que sua nora, Ana Paulo Souza, de 46 anos, que sobreviveu ao naufr\u00e1gio, disse a ele que \u201cningu\u00e9m usava colete salva-vidas na embarca\u00e7\u00e3o.<\/p>\n<p>Fonte: Ag\u00eancia Brasil<\/p>\n","protected":false},"excerpt":{"rendered":"<p>A Pol\u00edcia Civil abriu inqu\u00e9rito para apurar as causas do afundamento da traineira Cai\u00e7ara, que saiu da Ilha do Governador, na zona norte do Rio&#8230;<\/p>\n","protected":false},"author":1527,"featured_media":43929,"comment_status":"closed","ping_status":"closed","sticky":false,"template":"","format":"standard","meta":{"footnotes":""},"categories":[6],"tags":[],"class_list":["post-43928","post","type-post","status-publish","format-standard","has-post-thumbnail","hentry","category-noticias"],"_links":{"self":[{"href":"https:\/\/www.sincomam.org.br\/index.php\/wp-json\/wp\/v2\/posts\/43928","targetHints":{"allow":["GET"]}}],"collection":[{"href":"https:\/\/www.sincomam.org.br\/index.php\/wp-json\/wp\/v2\/posts"}],"about":[{"href":"https:\/\/www.sincomam.org.br\/index.php\/wp-json\/wp\/v2\/types\/post"}],"author":[{"embeddable":true,"href":"https:\/\/www.sincomam.org.br\/index.php\/wp-json\/wp\/v2\/users\/1527"}],"replies":[{"embeddable":true,"href":"https:\/\/www.sincomam.org.br\/index.php\/wp-json\/wp\/v2\/comments?post=43928"}],"version-history":[{"count":1,"href":"https:\/\/www.sincomam.org.br\/index.php\/wp-json\/wp\/v2\/posts\/43928\/revisions"}],"predecessor-version":[{"id":43930,"href":"https:\/\/www.sincomam.org.br\/index.php\/wp-json\/wp\/v2\/posts\/43928\/revisions\/43930"}],"wp:featuredmedia":[{"embeddable":true,"href":"https:\/\/www.sincomam.org.br\/index.php\/wp-json\/wp\/v2\/media\/43929"}],"wp:attachment":[{"href":"https:\/\/www.sincomam.org.br\/index.php\/wp-json\/wp\/v2\/media?parent=43928"}],"wp:term":[{"taxonomy":"category","embeddable":true,"href":"https:\/\/www.sincomam.org.br\/index.php\/wp-json\/wp\/v2\/categories?post=43928"},{"taxonomy":"post_tag","embeddable":true,"href":"https:\/\/www.sincomam.org.br\/index.php\/wp-json\/wp\/v2\/tags?post=43928"}],"curies":[{"name":"wp","href":"https:\/\/api.w.org\/{rel}","templated":true}]}}