{"id":4376,"date":"2014-03-21T08:00:06","date_gmt":"2014-03-21T11:00:06","guid":{"rendered":"http:\/\/www.sincomam.org.br\/?p=4376"},"modified":"2014-03-21T08:37:36","modified_gmt":"2014-03-21T11:37:36","slug":"selecoes-definem-centros-de-treinamento-para-a-copa-do-mundo","status":"publish","type":"post","link":"https:\/\/www.sincomam.org.br\/index.php\/selecoes-definem-centros-de-treinamento-para-a-copa-do-mundo\/","title":{"rendered":"Sele\u00e7\u00f5es definem Centros de Treinamento para a Copa do Mundo"},"content":{"rendered":"<p><b><i>S\u00e3o Paulo ser\u00e1 a base que receber\u00e1 o maior n\u00famero de delega\u00e7\u00f5es, 15 no total<\/i><\/b><\/p>\n<p>As 32 sele\u00e7\u00f5es que ir\u00e3o disputar a Copa do Mundo de 2014 definiram os locais em que ficar\u00e3o hospedadas e que far\u00e3o os treinos antes e durante a competi\u00e7\u00e3o. A Fifa divulgou na \u00faltima sexta-feira (31), a lista dos Centros de Treinamento de Sele\u00e7\u00f5es (CTS) escolhidos pelas federa\u00e7\u00f5es nacionais. Ao todo, 26 cidades, em nove estados diferentes, abrigar\u00e3o as equipes. As op\u00e7\u00f5es coincidem com o objetivo do governo federal de nacionalizar a competi\u00e7\u00e3o.<\/p>\n<p>S\u00e3o Paulo ser\u00e1 o estado que receber\u00e1 o maior n\u00famero de equipes, 15 no total, seguido pelo Rio de Janeiro, com quatro sele\u00e7\u00f5es. Bahia e Minas Gerais ter\u00e3o tr\u00eas, enquanto Paran\u00e1 e o Esp\u00edrito Santo foram escolhidos por duas federa\u00e7\u00f5es, cada. Alagoas, Rio Grande do Sul e Sergipe ter\u00e3o uma equipe em suas instala\u00e7\u00f5es.<\/p>\n<p>A Fifa elaborou um cat\u00e1logo, no qual elencou 83 centros para as federa\u00e7\u00f5es escolherem onde fixar suas bases durante o Mundial &#8211; cada um deles incluem hotel e campo de treinamento. S\u00e3o Paulo \u00e9 o estado com maior n\u00famero de op\u00e7\u00f5es: 30. Ap\u00f3s o sorteio final da Copa do Mundo de 2014, no dia 6 de dezembro, as 31 delega\u00e7\u00f5es estrangeiras iniciaram uma s\u00e9rie de visitas por estes locais.<\/p>\n<p>As exce\u00e7\u00f5es ser\u00e3o o Brasil, (Pa\u00eds-sede), que ficar\u00e1 na Granja Comary, em Teres\u00f3polis (RJ), tradicional \u201ccasa\u201d da equipe, e a Alemanha, que ir\u00e1 construir um complexo em Santa Cruz de Cabr\u00e1lia (BA), centros que n\u00e3o estavam na lista da Fifa.<\/p>\n<p>Al\u00e9m dos alem\u00e3es, a Bahia ter\u00e1 a Su\u00ed\u00e7a em Porto Seguro e a Cro\u00e1cia na Praia do Forte, no munic\u00edpio de Mata de S\u00e3o Jo\u00e3o. Ainda no nordeste, Sergipe receber\u00e1 a Gr\u00e9cia, enquanto Alagoas hospedar\u00e1 Gana.<\/p>\n<p>A regi\u00e3o sul contar\u00e1 com as presen\u00e7as da atual campe\u00e3 mundial, Espanha, que optou pelo CT do Caju, do clube Atl\u00e9tico Paranaense, em Curitiba, a Coreia do Sul, que fixar\u00e1 base em Foz do Igua\u00e7u (PR), e o Equador, que escolheu o CT de Viam\u00e3o, no Rio Grande do Sul.<\/p>\n<p>No estado de S\u00e3o Paulo estar\u00e3o: os EUA que ficar\u00e3o na capital paulista, M\u00e9xico e Costa Rica que ficar\u00e3o nos CT&#8217;s de Santos, Honduras no de Porto Feliz, Fran\u00e7a no de Ribeir\u00e3o Preto, Ir\u00e3 no de Guarulhos, Portugal e Nig\u00e9ria nos de Campinas, B\u00f3snia e Herzegovina no de Guaruj\u00e1, Costa do Marfim em \u00c1guas de Lind\u00f3ia, B\u00e9lgica em Mogi das Cruzes, Col\u00f4mbia em Cotia, Arg\u00e9lia em Sorocaba e, por fim, R\u00fassia e Jap\u00e3o fixar\u00e3o bases em Itu.<\/p>\n<p>O Rio de Janeiro, al\u00e9m da Sele\u00e7\u00e3o Brasileira, ter\u00e1 a It\u00e1lia, em Mangaratiba, e Inglaterra e Holanda, na capital fluminense. Outra sede de jogos da Copa do Mundo, Belo Horizonte receber\u00e1 o Chile que optou pela Toca da Raposa II, centro do Cruzeiro. A Argentina, que escolheu a Cidade do Galo, centro do Atl\u00e9tico Mineiro, ficar\u00e1 em Vespasiano, na regi\u00e3o metropolitana da capital mineira. Minas Gerais tamb\u00e9m receber\u00e1 o Uruguai, que escolheu o munic\u00edpio de Sete Lagoas como base de treinamentos. Ainda no Sudeste, o Esp\u00edrito Santo abrigar\u00e1 a Austr\u00e1lia e Camar\u00f5es.<\/p>\n<p>Entre os dias 19 e 20 de fevereiro, os t\u00e9cnicos das 32 equipes do Mundial ir\u00e3o participar de um workshop, em Florian\u00f3polis, sobre a organiza\u00e7\u00e3o da disputa, o que inclui a apresenta\u00e7\u00e3o das opera\u00e7\u00f5es de transporte e acomoda\u00e7\u00e3o nos locais de treinos.<\/p>\n<p>Fonte: Portal da Copa \/\u00a0Foto: Eduardo Viana\/LANCE!Press. A sele\u00e7\u00e3o dos Estados Unidos em clube de S\u00e3o Paulo<\/p>\n","protected":false},"excerpt":{"rendered":"<p>S\u00e3o Paulo ser\u00e1 a base que receber\u00e1 o maior n\u00famero de delega\u00e7\u00f5es, 15 no total As 32 sele\u00e7\u00f5es que ir\u00e3o disputar a Copa do Mundo&#8230;<\/p>\n","protected":false},"author":1182,"featured_media":4384,"comment_status":"closed","ping_status":"closed","sticky":false,"template":"","format":"standard","meta":{"footnotes":""},"categories":[6],"tags":[],"class_list":["post-4376","post","type-post","status-publish","format-standard","has-post-thumbnail","hentry","category-noticias"],"_links":{"self":[{"href":"https:\/\/www.sincomam.org.br\/index.php\/wp-json\/wp\/v2\/posts\/4376","targetHints":{"allow":["GET"]}}],"collection":[{"href":"https:\/\/www.sincomam.org.br\/index.php\/wp-json\/wp\/v2\/posts"}],"about":[{"href":"https:\/\/www.sincomam.org.br\/index.php\/wp-json\/wp\/v2\/types\/post"}],"author":[{"embeddable":true,"href":"https:\/\/www.sincomam.org.br\/index.php\/wp-json\/wp\/v2\/users\/1182"}],"replies":[{"embeddable":true,"href":"https:\/\/www.sincomam.org.br\/index.php\/wp-json\/wp\/v2\/comments?post=4376"}],"version-history":[{"count":1,"href":"https:\/\/www.sincomam.org.br\/index.php\/wp-json\/wp\/v2\/posts\/4376\/revisions"}],"predecessor-version":[{"id":4379,"href":"https:\/\/www.sincomam.org.br\/index.php\/wp-json\/wp\/v2\/posts\/4376\/revisions\/4379"}],"wp:featuredmedia":[{"embeddable":true,"href":"https:\/\/www.sincomam.org.br\/index.php\/wp-json\/wp\/v2\/media\/4384"}],"wp:attachment":[{"href":"https:\/\/www.sincomam.org.br\/index.php\/wp-json\/wp\/v2\/media?parent=4376"}],"wp:term":[{"taxonomy":"category","embeddable":true,"href":"https:\/\/www.sincomam.org.br\/index.php\/wp-json\/wp\/v2\/categories?post=4376"},{"taxonomy":"post_tag","embeddable":true,"href":"https:\/\/www.sincomam.org.br\/index.php\/wp-json\/wp\/v2\/tags?post=4376"}],"curies":[{"name":"wp","href":"https:\/\/api.w.org\/{rel}","templated":true}]}}