{"id":4373,"date":"2014-03-21T08:23:26","date_gmt":"2014-03-21T11:23:26","guid":{"rendered":"http:\/\/www.sincomam.org.br\/?p=4373"},"modified":"2014-03-21T08:27:01","modified_gmt":"2014-03-21T11:27:01","slug":"uso-da-agua-do-rio-paraiba-por-sao-paulo-ameaca-abastecimento-no-rio","status":"publish","type":"post","link":"https:\/\/www.sincomam.org.br\/index.php\/uso-da-agua-do-rio-paraiba-por-sao-paulo-ameaca-abastecimento-no-rio\/","title":{"rendered":"Uso da \u00e1gua do Rio Para\u00edba por S\u00e3o Paulo amea\u00e7a abastecimento no Rio"},"content":{"rendered":"<p><b><i>Cedae diz que mudan\u00e7a afetaria abastecimento, ind\u00fastrias e lavouras<\/i><\/b><\/p>\n<p>Um dia depois de o governador de S\u00e3o Paulo, Geraldo Alckmin (PSDB), pedir \u00e0 presidente Dilma Rousseff autoriza\u00e7\u00e3o para captar \u00e1gua da bacia do Rio Para\u00edba do Sul, a Companhia Estadual de \u00c1guas e Esgotos do Estado do Rio (Cedae) alertou para os riscos da proposta.<\/p>\n<p>De acordo com a \u00e1rea t\u00e9cnica da empresa, a capta\u00e7\u00e3o no Rio Jaguari, um dos principais afluentes do Para\u00edba do Sul, provocaria reflexos no abastecimento de \u00e1gua de cidades do Sul e do Norte Fluminense, al\u00e9m de comprometer a irriga\u00e7\u00e3o de lavouras e aumentar a chamada l\u00edngua salina, que j\u00e1 atinge a foz do rio, em S\u00e3o Jo\u00e3o da Barra.<\/p>\n<p>A l\u00edngua salina \u00e9 o fen\u00f4meno natural de invas\u00e3o da \u00e1gua do mar no curso do rio, que destr\u00f3i as margens e aumenta a salinidade da \u00e1gua, impedindo o seu uso na agricultura. Na capital fluminense, a redu\u00e7\u00e3o do volume d\u2019\u00e1gua do Para\u00edba do Sul prejudicaria empresas de grande porte que fazem a capta\u00e7\u00e3o direta do Rio Guandu. Entre elas est\u00e3o a Companhia Sider\u00fargica do Atl\u00e2ntico (CSA), a sider\u00fargica Gerdau e a Termel\u00e9trica de Santa Cruz, todas na Zona Oeste do Rio.<\/p>\n<p>A bacia do Rio Para\u00edba do Sul j\u00e1 abastece cerca de 15 milh\u00f5es de pessoas, cerca de 8,5 milh\u00f5es s\u00f3 na Regi\u00e3o Metropolitana do Rio. Pela lei, em caso de crise no abastecimento de \u00e1gua, o fornecimento \u00e0 popula\u00e7\u00e3o \u00e9 priorit\u00e1rio. Como possui a outorga do uso da \u00e1gua, a Cedae det\u00e9m a prioridade.<\/p>\n<p><b>Transposi\u00e7\u00e3o socorreria Cantareira<\/b><\/p>\n<p>Em nota, o secret\u00e1rio do Ambiente do Estado do Rio, \u00cdndio da Costa, manifestou preocupa\u00e7\u00e3o com a proposta. Segundo ele, estudos do Comit\u00ea da Bacia Hidrogr\u00e1fica do Para\u00edba do Sul, ainda em elabora\u00e7\u00e3o, apontam que j\u00e1 h\u00e1 problemas para capta\u00e7\u00e3o de \u00e1gua no per\u00edodo de estiagem: \u201cA seguran\u00e7a h\u00eddrica do Estado do Rio \u00e9 fortemente dependente da Bacia do Rio Para\u00edba do Sul, respons\u00e1vel pelo abastecimento de mais de 11 milh\u00f5es de habitantes e pela sustenta\u00e7\u00e3o de parcela expressiva da atividade econ\u00f4mica do estado\u201d.<\/p>\n<p>A proposta de Alckmin \u00e9 fazer a transposi\u00e7\u00e3o no Rio Jaguari, afluente do Para\u00edba do Sul, na cidade de Igarat\u00e1. Um canal seria constru\u00eddo para integr\u00e1-lo \u00e0 Represa do Atibainha, do Sistema Cantareira, que abastece a Grande S\u00e3o Paulo. Essa adutora teria de 15 a 30 quil\u00f4metros. Pelo fato de o Para\u00edba do Sul ser um rio federal \u2014 passa por S\u00e3o Paulo, Minas Gerais e Rio de Janeiro \u2014, h\u00e1 a necessidade do aval da presidente \u00e0 proposta.<\/p>\n<p>O Para\u00edba do Sul \u00e9 o principal afluente do Guandu, que abastece o Rio, Baixada Fluminense e parte da Regi\u00e3o Metropolitana. Segundo a Cedae, inicialmente nessas \u00e1reas o fornecimento de \u00e1gua n\u00e3o seria comprometido em fun\u00e7\u00e3o de o sistema receber a transposi\u00e7\u00e3o do lago da hidrel\u00e9trica de Ribeir\u00e3o das Lajes, em Pira\u00ed.<\/p>\n<p>Fonte: O Globo<\/p>\n","protected":false},"excerpt":{"rendered":"<p>Cedae diz que mudan\u00e7a afetaria abastecimento, ind\u00fastrias e lavouras Um dia depois de o governador de S\u00e3o Paulo, Geraldo Alckmin (PSDB), pedir \u00e0 presidente Dilma&#8230;<\/p>\n","protected":false},"author":1182,"featured_media":3629,"comment_status":"closed","ping_status":"closed","sticky":false,"template":"","format":"standard","meta":{"footnotes":""},"categories":[6],"tags":[452,790,792,59,791,366],"class_list":["post-4373","post","type-post","status-publish","format-standard","has-post-thumbnail","hentry","category-noticias","tag-agua","tag-cantareira","tag-cedae","tag-rio-de-janeiro","tag-rio-paraiba","tag-sao-paulo"],"_links":{"self":[{"href":"https:\/\/www.sincomam.org.br\/index.php\/wp-json\/wp\/v2\/posts\/4373","targetHints":{"allow":["GET"]}}],"collection":[{"href":"https:\/\/www.sincomam.org.br\/index.php\/wp-json\/wp\/v2\/posts"}],"about":[{"href":"https:\/\/www.sincomam.org.br\/index.php\/wp-json\/wp\/v2\/types\/post"}],"author":[{"embeddable":true,"href":"https:\/\/www.sincomam.org.br\/index.php\/wp-json\/wp\/v2\/users\/1182"}],"replies":[{"embeddable":true,"href":"https:\/\/www.sincomam.org.br\/index.php\/wp-json\/wp\/v2\/comments?post=4373"}],"version-history":[{"count":1,"href":"https:\/\/www.sincomam.org.br\/index.php\/wp-json\/wp\/v2\/posts\/4373\/revisions"}],"predecessor-version":[{"id":4374,"href":"https:\/\/www.sincomam.org.br\/index.php\/wp-json\/wp\/v2\/posts\/4373\/revisions\/4374"}],"wp:featuredmedia":[{"embeddable":true,"href":"https:\/\/www.sincomam.org.br\/index.php\/wp-json\/wp\/v2\/media\/3629"}],"wp:attachment":[{"href":"https:\/\/www.sincomam.org.br\/index.php\/wp-json\/wp\/v2\/media?parent=4373"}],"wp:term":[{"taxonomy":"category","embeddable":true,"href":"https:\/\/www.sincomam.org.br\/index.php\/wp-json\/wp\/v2\/categories?post=4373"},{"taxonomy":"post_tag","embeddable":true,"href":"https:\/\/www.sincomam.org.br\/index.php\/wp-json\/wp\/v2\/tags?post=4373"}],"curies":[{"name":"wp","href":"https:\/\/api.w.org\/{rel}","templated":true}]}}