{"id":43722,"date":"2023-02-06T09:32:38","date_gmt":"2023-02-06T12:32:38","guid":{"rendered":"http:\/\/www.sincomam.org.br\/?p=43722"},"modified":"2023-02-06T09:32:38","modified_gmt":"2023-02-06T12:32:38","slug":"governo-do-brasil-planeja-aumentar-a-isencao-do-imposto-de-renda-em-2023","status":"publish","type":"post","link":"https:\/\/www.sincomam.org.br\/index.php\/governo-do-brasil-planeja-aumentar-a-isencao-do-imposto-de-renda-em-2023\/","title":{"rendered":"Governo do Brasil planeja aumentar a isen\u00e7\u00e3o do imposto de renda em 2023"},"content":{"rendered":"<div class=\"article-content\" data-v-2d949da8=\"\">\n<p>De acordo com o site, O Petr\u00f3leo, \u00a0o\u00a0 presidente brasileiro Luiz In\u00e1cio Lula da Silva est\u00e1 considerando uma redu\u00e7\u00e3o de impostos para funcion\u00e1rios que ganham dois sal\u00e1rios m\u00ednimos, ou pouco mais de 2.600 reais (US$ 504,64) por m\u00eas, em oposi\u00e7\u00e3o ao atuais 1.903 reais. A informa\u00e7\u00e3o teria sido obtida por duas fontes do site que s\u00e3o ligadas diretamente ao presidente.<\/p>\n<\/div>\n<div class=\"article-content\" data-v-2d949da8=\"\">\n<p>Segundo as fontes, que falaram sob condi\u00e7\u00e3o de anonimato, a ideia \u00e9 cumprir pelo menos parcialmente uma das promessas de campanha de Lula de aumentar ainda mais a isen\u00e7\u00e3o para cobrir trabalhadores que ganham o equivalente a 5 mil reais. Isso aumentaria a renda dispon\u00edvel daqueles no pa\u00eds que ganham menos dinheiro.<\/p>\n<div class=\"276dc82dd9dd741632f5af803b62f6d5\" data-index=\"2\">\n<div class=\"article-content\" data-v-2d949da8=\"\">\n<p>Uma isen\u00e7\u00e3o mais ampla poderia diminuir a disparidade de renda, mas tamb\u00e9m diminuiria a arrecada\u00e7\u00e3o de impostos em um momento em que a equipe econ\u00f4mica trabalha para reduzir o significativo d\u00e9ficit prim\u00e1rio previsto para 2023 e demonstrar conten\u00e7\u00e3o fiscal.<\/p>\n<\/div>\n<div class=\"article-content\" data-v-2d949da8=\"\">\n<p>Assim, se aprovada, a isen\u00e7\u00e3o estaria dispon\u00edvel para empregados que ganham at\u00e9 2.640 reais por m\u00eas.<\/p>\n<\/div>\n<div class=\"article-content\" data-v-2d949da8=\"\">\n<p>A partir de agora, os funcion\u00e1rios que ganham at\u00e9 $ 1.903,98 por m\u00eas est\u00e3o isentos do pagamento de imposto de renda.\u00a0Esta estat\u00edstica n\u00e3o \u00e9 atualizada desde 2015, o que implica que os brasileiros que ganham menos dinheiro realmente enfrentariam cargas tribut\u00e1rias mais altas.<\/p>\n<p>Fonte: O Petr\u00f3leo<\/p>\n<\/div>\n<\/div>\n<\/div>\n","protected":false},"excerpt":{"rendered":"<p>De acordo com o site, O Petr\u00f3leo, \u00a0o\u00a0 presidente brasileiro Luiz In\u00e1cio Lula da Silva est\u00e1 considerando uma redu\u00e7\u00e3o de impostos para funcion\u00e1rios que ganham&#8230;<\/p>\n","protected":false},"author":1527,"featured_media":43724,"comment_status":"closed","ping_status":"closed","sticky":false,"template":"","format":"standard","meta":{"footnotes":""},"categories":[6],"tags":[],"class_list":["post-43722","post","type-post","status-publish","format-standard","has-post-thumbnail","hentry","category-noticias"],"_links":{"self":[{"href":"https:\/\/www.sincomam.org.br\/index.php\/wp-json\/wp\/v2\/posts\/43722","targetHints":{"allow":["GET"]}}],"collection":[{"href":"https:\/\/www.sincomam.org.br\/index.php\/wp-json\/wp\/v2\/posts"}],"about":[{"href":"https:\/\/www.sincomam.org.br\/index.php\/wp-json\/wp\/v2\/types\/post"}],"author":[{"embeddable":true,"href":"https:\/\/www.sincomam.org.br\/index.php\/wp-json\/wp\/v2\/users\/1527"}],"replies":[{"embeddable":true,"href":"https:\/\/www.sincomam.org.br\/index.php\/wp-json\/wp\/v2\/comments?post=43722"}],"version-history":[{"count":1,"href":"https:\/\/www.sincomam.org.br\/index.php\/wp-json\/wp\/v2\/posts\/43722\/revisions"}],"predecessor-version":[{"id":43725,"href":"https:\/\/www.sincomam.org.br\/index.php\/wp-json\/wp\/v2\/posts\/43722\/revisions\/43725"}],"wp:featuredmedia":[{"embeddable":true,"href":"https:\/\/www.sincomam.org.br\/index.php\/wp-json\/wp\/v2\/media\/43724"}],"wp:attachment":[{"href":"https:\/\/www.sincomam.org.br\/index.php\/wp-json\/wp\/v2\/media?parent=43722"}],"wp:term":[{"taxonomy":"category","embeddable":true,"href":"https:\/\/www.sincomam.org.br\/index.php\/wp-json\/wp\/v2\/categories?post=43722"},{"taxonomy":"post_tag","embeddable":true,"href":"https:\/\/www.sincomam.org.br\/index.php\/wp-json\/wp\/v2\/tags?post=43722"}],"curies":[{"name":"wp","href":"https:\/\/api.w.org\/{rel}","templated":true}]}}