{"id":43696,"date":"2023-02-03T11:02:38","date_gmt":"2023-02-03T14:02:38","guid":{"rendered":"http:\/\/www.sincomam.org.br\/?p=43696"},"modified":"2023-02-03T11:02:38","modified_gmt":"2023-02-03T14:02:38","slug":"aspirantex-2023-chega-ao-fim-a-primeira-operacao-da-esquadra-no-ano-fonte-agencia-marinha-de-noticias-acesse-https-www-marinha-mil-br-agenciadenoticias","status":"publish","type":"post","link":"https:\/\/www.sincomam.org.br\/index.php\/aspirantex-2023-chega-ao-fim-a-primeira-operacao-da-esquadra-no-ano-fonte-agencia-marinha-de-noticias-acesse-https-www-marinha-mil-br-agenciadenoticias\/","title":{"rendered":"Aspirantex 2023: chega ao fim a primeira opera\u00e7\u00e3o da Esquadra no ano Fonte: Ag\u00eancia Marinha de Not\u00edcias Acesse: https:\/\/www.marinha.mil.br\/agenciadenoticias\/"},"content":{"rendered":"<p>Ap\u00f3s mais de duas semanas de exerc\u00edcios avan\u00e7ados no mar, chega ao fim a primeira opera\u00e7\u00e3o do ano envolvendo os meios da Esquadra da Marinha do Brasil (MB), a Aspirantex 2023. A miss\u00e3o, realizada na \u00e1rea compreendida entre os estados do Rio de Janeiro e Santa Catarina, foi marcada pela participa\u00e7\u00e3o dos 291 aspirantes da Escola Naval embarcados nos cinco meios navais envolvidos, al\u00e9m de mais de dois mil militares.\u00a0<\/p>\n<p>A Aspirantex tem uma relev\u00e2ncia especial por permitir aos aspirantes da Escola Naval do primeiro ao terceiro ano familiarizarem-se com a vida no mar, al\u00e9m de ser um momento decisivo para os do segundo ano que, ao final da comiss\u00e3o, fazem suas escolhas profissionais entre o Corpo da Armada, de Fuzileiros Navais e de Intendentes da MB. J\u00e1 para a Esquadra, marca o in\u00edcio do ciclo anual de adestramento de seus navios e aeronaves, operando em Grupo-Tarefa.<\/p>\n<p><strong>Exerc\u00edcios intensos para o aprestamento dos meios e da tripula\u00e7\u00e3o<\/strong><br \/>\nAo longo do per\u00edodo entre 16 de janeiro a 1\u00ba de fevereiro, foram realizados trinta tipos de exerc\u00edcios diferentes, tais como qualifica\u00e7\u00e3o e requalifica\u00e7\u00e3o de pouso a bordo (QRPB), a\u00e7\u00f5es de guerra cibern\u00e9tica, tr\u00e2nsito sob amea\u00e7a a\u00e9rea, demonstra\u00e7\u00e3o anf\u00edbia, tr\u00e2nsito com oposi\u00e7\u00e3o de superf\u00edcie, transfer\u00eancia de carga leve, adestramento com pirot\u00e9cnicos, armar e desarmar aeronave, tiro sobre \u201ckiller tomato\u201d com metralhadora de 40mm &#8211; o \u201ckiller tomato\u201d \u00e9 um alvo infl\u00e1vel de cor laranja, que \u00e9 lan\u00e7ado no mar para exerc\u00edcios de tiro -, entre outros.\u00a0<\/p>\n<p>Um dos diferenciais desse ano foi o lan\u00e7amento de carga por aeronave da For\u00e7a A\u00e9rea Brasileira (FAB). Na ocasi\u00e3o, a aeronave \u201cC-130 H\u00e9rcules\u201d, da FAB, lan\u00e7ou uma carga no mar, enquanto uma aeronave da MB, o UH-12 \u201cEsquilo\u201d decolou da Fragata \u201cDefensora\u201d fazendo um \u201cvertrep\u201d, termo em ingl\u00eas para definir a transfer\u00eancia de carga por meio de gancho do helic\u00f3ptero. Esse exerc\u00edcio permitiu incrementar a interoperabilidade entre as For\u00e7as, ampliando as possibilidades de atua\u00e7\u00e3o em uma poss\u00edvel necessidade de recebimento de suprimento por meio a\u00e9reo em qualquer momento, por exemplo.<\/p>\n<p>Outro treinamento realizado visou a uma poss\u00edvel necessidade de socorro \u00e0s v\u00edtimas em caso de \u201cresgate de n\u00e1ufragos em grande escala\u201d, que serve para treinar o procedimento padr\u00e3o para uma necessidade de resgate a uma quantidade de pessoas acima do comumente praticado.<\/p>\n<p>Durante a Aspirantex, houve tamb\u00e9m o lan\u00e7amento de quatro m\u00edsseis antia\u00e9reos \u201cAspide\u201d com o sistema Albatros. De acordo com o Comandante da Fragata \u201cIndepend\u00eancia\u201d, Capit\u00e3o de Fragata Ademar Augusto Sim\u00f5es Junior, esse tipo de adestramento refor\u00e7a o aprestamento dos meios e do pessoal envolvido. \u201cO lan\u00e7amento de m\u00edsseis exige uma prepara\u00e7\u00e3o tanto log\u00edstica quanto uma grande prepara\u00e7\u00e3o do pessoal, e tivemos isso. A prova foi o sucesso que foi alcan\u00e7ado, cumprindo a tarefa e lan\u00e7ando quatro m\u00edsseis que abateram os alvos a\u00e9reos\u201d, comenta.<\/p>\n<p>Durante a miss\u00e3o, os navios tamb\u00e9m refor\u00e7aram a seguran\u00e7a da Zona Econ\u00f4mica Exclusiva na regi\u00e3o da Bacia de Santos (SP), produtora de petr\u00f3leo e g\u00e1s natural do Brasil. A a\u00e7\u00e3o de presen\u00e7a naquela parte da Amaz\u00f4nia Azul reafirma a preocupa\u00e7\u00e3o da MB em proteger as riquezas, garantir a soberania e a defesa dos interesses econ\u00f4micos do Brasil.<\/p>\n<p><strong>Visita ao estaleiro onde est\u00e3o sendo constru\u00eddas as Fragatas \u201cClasse Tamandar\u00e9\u201d<\/strong><br \/>\nNo dia 20 de janeiro, autoridades e aspirantes da Escola Naval visitaram o Thyssenkrupp Estaleiro Brasil Sul, em Itaja\u00ed (SC). No local, eles puderam ver de perto como est\u00e1 o processo de constru\u00e7\u00e3o de quatro navios de guerra, que far\u00e3o parte da Esquadra da Marinha do Brasil &#8211; Fragatas &#8220;Classe Tamandar\u00e9&#8221;.<\/p>\n<p>A MB conduz o Programa Fragatas &#8220;Classe Tamandar\u00e9&#8221; desde 2017, com o objetivo de promover a renova\u00e7\u00e3o da Esquadra com navios modernos, de alta complexidade tecnol\u00f3gica, constru\u00eddos no Pa\u00eds. Esses navios, com previs\u00e3o de entrega entre 2025 e 2029, ter\u00e3o alto poder de combate e ser\u00e3o capazes de proteger a extensa \u00e1rea mar\u00edtima brasileira, realizar opera\u00e7\u00f5es de busca e salvamento e atender compromissos internacionais, por exemplo.<\/p>\n<p><strong>Di\u00e1logo sobre a carreira<\/strong><br \/>\nDurante toda a comiss\u00e3o, sempre perto do final do dia, os aspirantes assistiram a apresenta\u00e7\u00f5es interativas com oficiais mais antigos, quando eles podiam tirar suas d\u00favidas e conhecer melhor a carreira e as hist\u00f3rias pessoais de quem j\u00e1 passou muitos desafios e conquistas que eles ainda ir\u00e3o viver.<\/p>\n<p>Fonte: Ag\u00eancia Marinha de Not\u00edcias<\/p>\n","protected":false},"excerpt":{"rendered":"<p>Ap\u00f3s mais de duas semanas de exerc\u00edcios avan\u00e7ados no mar, chega ao fim a primeira opera\u00e7\u00e3o do ano envolvendo os meios da Esquadra da Marinha&#8230;<\/p>\n","protected":false},"author":1527,"featured_media":43697,"comment_status":"closed","ping_status":"closed","sticky":false,"template":"","format":"standard","meta":{"footnotes":""},"categories":[6],"tags":[],"class_list":["post-43696","post","type-post","status-publish","format-standard","has-post-thumbnail","hentry","category-noticias"],"_links":{"self":[{"href":"https:\/\/www.sincomam.org.br\/index.php\/wp-json\/wp\/v2\/posts\/43696","targetHints":{"allow":["GET"]}}],"collection":[{"href":"https:\/\/www.sincomam.org.br\/index.php\/wp-json\/wp\/v2\/posts"}],"about":[{"href":"https:\/\/www.sincomam.org.br\/index.php\/wp-json\/wp\/v2\/types\/post"}],"author":[{"embeddable":true,"href":"https:\/\/www.sincomam.org.br\/index.php\/wp-json\/wp\/v2\/users\/1527"}],"replies":[{"embeddable":true,"href":"https:\/\/www.sincomam.org.br\/index.php\/wp-json\/wp\/v2\/comments?post=43696"}],"version-history":[{"count":1,"href":"https:\/\/www.sincomam.org.br\/index.php\/wp-json\/wp\/v2\/posts\/43696\/revisions"}],"predecessor-version":[{"id":43698,"href":"https:\/\/www.sincomam.org.br\/index.php\/wp-json\/wp\/v2\/posts\/43696\/revisions\/43698"}],"wp:featuredmedia":[{"embeddable":true,"href":"https:\/\/www.sincomam.org.br\/index.php\/wp-json\/wp\/v2\/media\/43697"}],"wp:attachment":[{"href":"https:\/\/www.sincomam.org.br\/index.php\/wp-json\/wp\/v2\/media?parent=43696"}],"wp:term":[{"taxonomy":"category","embeddable":true,"href":"https:\/\/www.sincomam.org.br\/index.php\/wp-json\/wp\/v2\/categories?post=43696"},{"taxonomy":"post_tag","embeddable":true,"href":"https:\/\/www.sincomam.org.br\/index.php\/wp-json\/wp\/v2\/tags?post=43696"}],"curies":[{"name":"wp","href":"https:\/\/api.w.org\/{rel}","templated":true}]}}