{"id":43675,"date":"2023-02-02T11:14:39","date_gmt":"2023-02-02T14:14:39","guid":{"rendered":"http:\/\/www.sincomam.org.br\/?p=43675"},"modified":"2023-02-02T11:14:39","modified_gmt":"2023-02-02T14:14:39","slug":"bahia-panico-de-vir-trabalhar-funcionarios-do-ferryboat-relatam-agressoes-e-ameacas","status":"publish","type":"post","link":"https:\/\/www.sincomam.org.br\/index.php\/bahia-panico-de-vir-trabalhar-funcionarios-do-ferryboat-relatam-agressoes-e-ameacas\/","title":{"rendered":"Bahia: &#8216;P\u00e2nico de vir trabalhar&#8217;: funcion\u00e1rios do ferryboat relatam agress\u00f5es e amea\u00e7as"},"content":{"rendered":"<p>Funcion\u00e1rios do sistema ferryboat reunidos em protesto no terminal S\u00e3o Joaquim nesta ter\u00e7a-feira (31) alegam estar sendo v\u00edtimas de amea\u00e7as constantes no modal por parte de passageiros e cambistas. \u201cO sentimento do funcion\u00e1rio da Internacional Travessias [que administra o ferry] \u00e9 que voc\u00ea trabalha coagido\u201d, desabafou o comandante Reginaldo Zorante, um dos l\u00edderes do Sindicato dos Mestres de Cabotagem Arrais Regionais dos Estados Bahia e Sergipe (Sindmar-BA). <\/p>\n<p>Segundo Zorante, que trabalha no ferryboat h\u00e1 oito anos, h\u00e1 muitos funcion\u00e1rios que tiveram que recorrer a medicamentos e sess\u00f5es de psicoterapia devido a situa\u00e7\u00f5es de medo. \u201cJ\u00e1 est\u00e3o tendo p\u00e2nico de vir trabalhar. O cambista chega aqui, mostra a arma [aos atendentes nos guich\u00eas] e ainda diz: \u2018Eu sei onde voc\u00ea mora e o \u00f4nibus que voc\u00ea vai pegar. Se voc\u00ea n\u00e3o me vender as passagens, eu te pego depois\u2019\u201d, contou o comandante. <\/p>\n<p>\u201cA bordo, diversas vezes, quando recebem alguma orienta\u00e7\u00e3o de que devem estacionar seu carro em determinado lugar, por causa da estabilidade do navio, as pessoas mostram a arma\u201d, relembrou ele. Para a categoria, os \u00faltimos casos, ocorridos no terminal Bom Despacho, foram a gota d\u2019\u00e1gua: no domingo (29), dois passageiros derrubaram e chutaram um funcion\u00e1rio e, na segunda (30), um usu\u00e1rio teria &#8216;jogado&#8217; o carro em cima de outro colaborador.<\/p>\n<p>Procurada, a Pol\u00edcia Civil afirmou que, para localizar as ocorr\u00eancias, precisaria de mais informa\u00e7\u00f5es, como n\u00famero do boletim ou nome completo de algum envolvido, mas a reportagem n\u00e3o teve acesso a esses dados.<\/p>\n<p>Caso a Internacional Travessias Salvador (ITS) n\u00e3o apresente uma medida para refor\u00e7ar a seguran\u00e7a dos trabalhadores, haver\u00e1 uma paralisa\u00e7\u00e3o no dia 15, v\u00e9spera do Carnaval. \u201cSe eles [empresa] n\u00e3o v\u00e3o investir em seguran\u00e7a e n\u00f3s estamos sendo amea\u00e7ados de morte e agredidos, n\u00e3o tem como operar\u201d, declarou Zorante.  <\/p>\n<p>Seguran\u00e7a pr\u00f3pria<br \/>\nEm nota, a ITS informou que o sistema tem seguran\u00e7a pr\u00f3pria nos terminais. &#8220;A empresa tem equipe de seguran\u00e7a que atua dentro das instala\u00e7\u00f5es. Ainda assim, devido ao n\u00famero de pessoas em momentos de maior demanda, vem realizando esfor\u00e7os para ampliar a seguran\u00e7a nas \u00e1reas dos terminais, inclusive com solicita\u00e7\u00e3o formal \u00e0 Pol\u00edcia Militar, que nos atende, na medida das possibilidades, dentro da parceria existente&#8221;, diz um trecho da nota. <\/p>\n<p>A concession\u00e1ria declarou tamb\u00e9m que a agress\u00e3o foi provocada por pessoas que estavam alcoolizadas, o que seria um caso \u2018de pol\u00edcia\u2019. Al\u00e9m disso, a empresa afirmou ter solidariedade pelos trabalhadores da linha de frente e que atua para garantir a seguran\u00e7a dos profissionais. &#8220;Estamos em contato frequente com o sindicato, inclusive solicitando seu apoio, para entendimento e solu\u00e7\u00f5es que contemplem as quest\u00f5es aqui mencionadas.&#8221; <\/p>\n<p>Ainda de acordo com Internacional Travessias, o funcionamento do sistema na manh\u00e3 desta ter\u00e7a-feira (31) foi impactado pela manifesta\u00e7\u00e3o dos funcion\u00e1rios e, adicionalmente, a opera\u00e7\u00e3o conta hoje com tr\u00eas ferries. \u201cCom esse n\u00famero de embarca\u00e7\u00f5es, h\u00e1 atraso em algumas sa\u00eddas e a viagem pode n\u00e3o ocorrer de forma pontual\u201d, admitiu a ITS. <\/p>\n<p>Os manifestantes, por\u00e9m, negam que tenham contribu\u00eddo para o referido atraso. \u201cEles receberam nove navios, e hoje s\u00f3 est\u00e3o operando com tr\u00eas. Ent\u00e3o, n\u00e3o tiveram navio pra fazer o hor\u00e1rio das 7h\u201d, relatou Reginaldo Zorante. A inten\u00e7\u00e3o dos trabalhadores, disse ele, era fazer uma paralisa\u00e7\u00e3o \u00e0s 8h, mas acabaram desistindo ap\u00f3s pedidos de passageiros que j\u00e1 esperavam h\u00e1 horas pelo embarque para o terminal Bom Despacho. <\/p>\n<p>\u201cComo alguns usu\u00e1rios do sistema vieram at\u00e9 n\u00f3s mostrando pessoas idosas e com defici\u00eancia que j\u00e1 estavam h\u00e1 muito tempo na fila e caminh\u00f5es com perec\u00edveis, n\u00f3s achamos melhor liberar o hor\u00e1rio das 8h\u201d, justificou o l\u00edder sindical. <\/p>\n<p><strong>Agerba diz estar tomando provid\u00eancias<\/strong><br \/>\nProcurada pela reportagem, a Ag\u00eancia Estadual de Regula\u00e7\u00e3o de Servi\u00e7os P\u00fablicos de Energia, Transportes e Comunica\u00e7\u00f5es (Agerba) falou que fiscaliza permanentemente a presta\u00e7\u00e3o do servi\u00e7o, tanto nos procedimentos administrativos como operacionais. \u201cA Diretoria da Ag\u00eancia est\u00e1 tomando todas as medidas cab\u00edveis para que a empresa operadora do sistema regularize a presta\u00e7\u00e3o dos servi\u00e7os \u00e0 popula\u00e7\u00e3o\u201d, comunicou. <\/p>\n<p>A nota diz ainda que a Agerba tem solicitado refor\u00e7o no policiamento ostensivo no entorno dos terminais hidrovi\u00e1rios e oficiado a Internacional Travessias Salvador, para que, em car\u00e1ter de urg\u00eancia, aumente o efetivo de seguran\u00e7a dentro dos terminais. <\/p>\n<p>Em novembro \u00faltimo, a ag\u00eancia notificou a concession\u00e1ria Internacional Travessias ap\u00f3s usu\u00e1rios terem reclamado do n\u00e3o cumprimento de hor\u00e1rios.<\/p>\n<p><strong>MP marca audi\u00eancia para discutir descumprimentos contratuais <\/strong><\/p>\n<p>O Minist\u00e9rio P\u00fablico estadual (MP) informou que uma audi\u00eancia foi agendada para a segunda semana de fevereiro com o intuito de discutir, de forma consensual, descumprimentos contratuais, &#8220;que podem estar ensejando a superlota\u00e7\u00e3o e a m\u00e1 presta\u00e7\u00e3o dos servi\u00e7os, e buscar solu\u00e7\u00f5es\u201d, afirmou, por meio de nota, o MP-BA. <\/p>\n<p>Tamb\u00e9m ser\u00e3o debatidas, na audi\u00eancia, quest\u00f5es relacionadas ao cumprimento de recomenda\u00e7\u00f5es feitas pelo Tribunal de Contas do Estado (TCE-BA) \u00e0 Agerba, como a elabora\u00e7\u00e3o de projeto e a execu\u00e7\u00e3o dos servi\u00e7os de reformas e requalifica\u00e7\u00f5es das instala\u00e7\u00f5es e das edifica\u00e7\u00f5es dos terminais Bom Despacho e S\u00e3o Joaquim. <\/p>\n<p>Fonte: Correio<\/p>\n","protected":false},"excerpt":{"rendered":"<p>Funcion\u00e1rios do sistema ferryboat reunidos em protesto no terminal S\u00e3o Joaquim nesta ter\u00e7a-feira (31) alegam estar sendo v\u00edtimas de amea\u00e7as constantes no modal por parte&#8230;<\/p>\n","protected":false},"author":1527,"featured_media":0,"comment_status":"closed","ping_status":"closed","sticky":false,"template":"","format":"standard","meta":{"footnotes":""},"categories":[6],"tags":[],"class_list":["post-43675","post","type-post","status-publish","format-standard","hentry","category-noticias"],"_links":{"self":[{"href":"https:\/\/www.sincomam.org.br\/index.php\/wp-json\/wp\/v2\/posts\/43675","targetHints":{"allow":["GET"]}}],"collection":[{"href":"https:\/\/www.sincomam.org.br\/index.php\/wp-json\/wp\/v2\/posts"}],"about":[{"href":"https:\/\/www.sincomam.org.br\/index.php\/wp-json\/wp\/v2\/types\/post"}],"author":[{"embeddable":true,"href":"https:\/\/www.sincomam.org.br\/index.php\/wp-json\/wp\/v2\/users\/1527"}],"replies":[{"embeddable":true,"href":"https:\/\/www.sincomam.org.br\/index.php\/wp-json\/wp\/v2\/comments?post=43675"}],"version-history":[{"count":1,"href":"https:\/\/www.sincomam.org.br\/index.php\/wp-json\/wp\/v2\/posts\/43675\/revisions"}],"predecessor-version":[{"id":43677,"href":"https:\/\/www.sincomam.org.br\/index.php\/wp-json\/wp\/v2\/posts\/43675\/revisions\/43677"}],"wp:attachment":[{"href":"https:\/\/www.sincomam.org.br\/index.php\/wp-json\/wp\/v2\/media?parent=43675"}],"wp:term":[{"taxonomy":"category","embeddable":true,"href":"https:\/\/www.sincomam.org.br\/index.php\/wp-json\/wp\/v2\/categories?post=43675"},{"taxonomy":"post_tag","embeddable":true,"href":"https:\/\/www.sincomam.org.br\/index.php\/wp-json\/wp\/v2\/tags?post=43675"}],"curies":[{"name":"wp","href":"https:\/\/api.w.org\/{rel}","templated":true}]}}