{"id":43648,"date":"2023-02-01T09:04:40","date_gmt":"2023-02-01T12:04:40","guid":{"rendered":"http:\/\/www.sincomam.org.br\/?p=43648"},"modified":"2023-02-01T09:08:39","modified_gmt":"2023-02-01T12:08:39","slug":"pf-deflagra-operacao-agata-para-fiscalizar-embarcacoes-na-baia-de-guanabara-no-rio-de-janeiro","status":"publish","type":"post","link":"https:\/\/www.sincomam.org.br\/index.php\/pf-deflagra-operacao-agata-para-fiscalizar-embarcacoes-na-baia-de-guanabara-no-rio-de-janeiro\/","title":{"rendered":"PF deflagra opera\u00e7\u00e3o \u00c1gata para fiscalizar embarca\u00e7\u00f5es na Ba\u00eda de Guanabara, no Rio de Janeiro"},"content":{"rendered":"<p>A Pol\u00edcia Federal deflagrou a opera\u00e7\u00e3o \u00c1gata, em a\u00e7\u00e3o conjunta com a Marinha do Brasil, no intuito de reprimir irregularidades e il\u00edcitos na Ba\u00eda de Guanabara atrav\u00e9s da  fiscaliza\u00e7\u00e3o de diversas embarca\u00e7\u00f5es que transitavam na regi\u00e3o.<\/p>\n<p>Durante o patrulhamento feito pelos policiais federais lotados no N\u00facleo Especial de Pol\u00edcia Mar\u00edtima (NEPOM\/PF\/RJ) e pelos servidores da Marinha do Brasil, na regi\u00e3o do Boqueir\u00e3o \u2013pr\u00f3xima \u00e0 Ilha do Governador \u2013, foi avistada uma embarca\u00e7\u00e3o transitando irregularmente em \u00e1rea militar. <\/p>\n<p>Ap\u00f3s ordem de parada, a embarca\u00e7\u00e3o tentou se evadir, ignorando os avisos dos policiais e dos militares da Marinha, dando in\u00edcio a uma persegui\u00e7\u00e3o que se findou somente quando os policiais federais saltaram para a outra embarca\u00e7\u00e3o, ainda em movimento.<\/p>\n<p>Ao longo da inspe\u00e7\u00e3o, foi constatado que o barco n\u00e3o apresentava documentos que habilitassem a sua navega\u00e7\u00e3o. Al\u00e9m disso, foi constatado tamb\u00e9m que alguns dos tripulantes eram menores de idade.<\/p>\n<p>Diante dos fatos, o condutor foi preso em flagrante e conduzido para a Superintend\u00eancia da Pol\u00edcia Federal no Rio de Janeiro pelo crime de desobedi\u00eancia. Devido ao fato de que a referida infra\u00e7\u00e3o apresenta menor potencial ofensivo, o homem assinou um termo circunstanciado de ocorr\u00eancia e em seguida foi liberado. <\/p>\n<p>Os menores foram conduzidos ao Conselho Tutelar, e a embarca\u00e7\u00e3o foi autuada por infra\u00e7\u00f5es relacionadas \u00e0 Lei n\u00ba 9.537 (Lei de Seguran\u00e7a do Tr\u00e1fego Aquavi\u00e1rio \u2013 LESTA).<\/p>\n<p>Fonte: Pol\u00edcia Federal<\/p>\n","protected":false},"excerpt":{"rendered":"<p>A Pol\u00edcia Federal deflagrou a opera\u00e7\u00e3o \u00c1gata, em a\u00e7\u00e3o conjunta com a Marinha do Brasil, no intuito de reprimir irregularidades e il\u00edcitos na Ba\u00eda de&#8230;<\/p>\n","protected":false},"author":1527,"featured_media":43649,"comment_status":"closed","ping_status":"closed","sticky":false,"template":"","format":"standard","meta":{"footnotes":""},"categories":[6],"tags":[],"class_list":["post-43648","post","type-post","status-publish","format-standard","has-post-thumbnail","hentry","category-noticias"],"_links":{"self":[{"href":"https:\/\/www.sincomam.org.br\/index.php\/wp-json\/wp\/v2\/posts\/43648","targetHints":{"allow":["GET"]}}],"collection":[{"href":"https:\/\/www.sincomam.org.br\/index.php\/wp-json\/wp\/v2\/posts"}],"about":[{"href":"https:\/\/www.sincomam.org.br\/index.php\/wp-json\/wp\/v2\/types\/post"}],"author":[{"embeddable":true,"href":"https:\/\/www.sincomam.org.br\/index.php\/wp-json\/wp\/v2\/users\/1527"}],"replies":[{"embeddable":true,"href":"https:\/\/www.sincomam.org.br\/index.php\/wp-json\/wp\/v2\/comments?post=43648"}],"version-history":[{"count":1,"href":"https:\/\/www.sincomam.org.br\/index.php\/wp-json\/wp\/v2\/posts\/43648\/revisions"}],"predecessor-version":[{"id":43650,"href":"https:\/\/www.sincomam.org.br\/index.php\/wp-json\/wp\/v2\/posts\/43648\/revisions\/43650"}],"wp:featuredmedia":[{"embeddable":true,"href":"https:\/\/www.sincomam.org.br\/index.php\/wp-json\/wp\/v2\/media\/43649"}],"wp:attachment":[{"href":"https:\/\/www.sincomam.org.br\/index.php\/wp-json\/wp\/v2\/media?parent=43648"}],"wp:term":[{"taxonomy":"category","embeddable":true,"href":"https:\/\/www.sincomam.org.br\/index.php\/wp-json\/wp\/v2\/categories?post=43648"},{"taxonomy":"post_tag","embeddable":true,"href":"https:\/\/www.sincomam.org.br\/index.php\/wp-json\/wp\/v2\/tags?post=43648"}],"curies":[{"name":"wp","href":"https:\/\/api.w.org\/{rel}","templated":true}]}}