{"id":4364,"date":"2014-03-21T08:15:51","date_gmt":"2014-03-21T11:15:51","guid":{"rendered":"http:\/\/www.sincomam.org.br\/?p=4364"},"modified":"2014-03-20T11:15:46","modified_gmt":"2014-03-20T14:15:46","slug":"apesar-de-interdicao-petrobras-garante-funcionamento-da-p-62","status":"publish","type":"post","link":"https:\/\/www.sincomam.org.br\/index.php\/apesar-de-interdicao-petrobras-garante-funcionamento-da-p-62\/","title":{"rendered":"Apesar de interdi\u00e7\u00e3o, Petrobras garante funcionamento da P-62"},"content":{"rendered":"<p>Apesar da interdi\u00e7\u00e3o da plataforma P-62, instalada na Bacia de Campos, no interior do Rio de Janeiro, pelo Minist\u00e9rio do Trabalho , a Petrobras divulgou que 200 profissionais continuam atuando nos preparativos finais para o in\u00edcio da produ\u00e7\u00e3o de petr\u00f3leo, que est\u00e1 prevista para o segundo trimestre de 2014.<\/p>\n<p>A P-62 foi instalada no dia 20 de janeiro deste ano no campo de Roncador e, de acordo com o Sindicato dos Petroleiros do Norte Fluminense (Sindipetro-NF), apresentou 11 pend\u00eancias que foram cruciais para a interdi\u00e7\u00e3o realizada na \u00faltima semana pelo Minist\u00e9rio do Trabalho.<\/p>\n<p>Por meio de nota, o Sindipetro-NF informou que a plataforma foi entregue inacabada. Al\u00e9m disso, o sistema de detec\u00e7\u00e3o de fogo e g\u00e1s na \u00e1rea externa estaria inoperante. Outro problema citado pelo sindicato \u00e9 em rela\u00e7\u00e3o ao sistema de combate \u00e0 inc\u00eandio, que tamb\u00e9m n\u00e3o est\u00e1 operando.<\/p>\n<p>\u201cMesmo interditada, a plataforma funciona. O que n\u00e3o pode acontecer, segundo o Minist\u00e9rio do Trabalho, \u00e9 produzir. Esperamos que a Petrobras cumpra com todas as determina\u00e7\u00f5es logo e respeite as normas\u201d, explicou o coordenador do Sindipetro-NF, Jos\u00e9 Maria Rangel.<\/p>\n<p>A Petrobras, por meio de nota, informou que a plataforma iniciou as opera\u00e7\u00f5es em seguran\u00e7a e que obteve todas as autoriza\u00e7\u00f5es e licen\u00e7as necess\u00e1rias junto \u00e0s autoridades competentes antes da sa\u00edda da P-62 do estaleiro.<\/p>\n<p>O Minist\u00e9rio P\u00fablico do Trabalho, por sua vez, informou que espera receber os relat\u00f3rios do Minist\u00e9rio do Trabalho sobre a interdi\u00e7\u00e3o da P-62 e ressaltou que desde 2010 encabe\u00e7a projetos com outros parceiros, a fim de fiscalizar e tomar medidas cab\u00edveis para a seguran\u00e7a dos funcion\u00e1rios nas plataformas.<\/p>\n<p>Fonte: G1 Norte Fluminense<\/p>\n","protected":false},"excerpt":{"rendered":"<p>Apesar da interdi\u00e7\u00e3o da plataforma P-62, instalada na Bacia de Campos, no interior do Rio de Janeiro, pelo Minist\u00e9rio do Trabalho , a Petrobras divulgou&#8230;<\/p>\n","protected":false},"author":1182,"featured_media":4280,"comment_status":"closed","ping_status":"closed","sticky":false,"template":"","format":"standard","meta":{"footnotes":""},"categories":[6],"tags":[271,750,282,58],"class_list":["post-4364","post","type-post","status-publish","format-standard","has-post-thumbnail","hentry","category-noticias","tag-funcionamento","tag-interditada","tag-p-62","tag-petrobras"],"_links":{"self":[{"href":"https:\/\/www.sincomam.org.br\/index.php\/wp-json\/wp\/v2\/posts\/4364","targetHints":{"allow":["GET"]}}],"collection":[{"href":"https:\/\/www.sincomam.org.br\/index.php\/wp-json\/wp\/v2\/posts"}],"about":[{"href":"https:\/\/www.sincomam.org.br\/index.php\/wp-json\/wp\/v2\/types\/post"}],"author":[{"embeddable":true,"href":"https:\/\/www.sincomam.org.br\/index.php\/wp-json\/wp\/v2\/users\/1182"}],"replies":[{"embeddable":true,"href":"https:\/\/www.sincomam.org.br\/index.php\/wp-json\/wp\/v2\/comments?post=4364"}],"version-history":[{"count":1,"href":"https:\/\/www.sincomam.org.br\/index.php\/wp-json\/wp\/v2\/posts\/4364\/revisions"}],"predecessor-version":[{"id":4365,"href":"https:\/\/www.sincomam.org.br\/index.php\/wp-json\/wp\/v2\/posts\/4364\/revisions\/4365"}],"wp:featuredmedia":[{"embeddable":true,"href":"https:\/\/www.sincomam.org.br\/index.php\/wp-json\/wp\/v2\/media\/4280"}],"wp:attachment":[{"href":"https:\/\/www.sincomam.org.br\/index.php\/wp-json\/wp\/v2\/media?parent=4364"}],"wp:term":[{"taxonomy":"category","embeddable":true,"href":"https:\/\/www.sincomam.org.br\/index.php\/wp-json\/wp\/v2\/categories?post=4364"},{"taxonomy":"post_tag","embeddable":true,"href":"https:\/\/www.sincomam.org.br\/index.php\/wp-json\/wp\/v2\/tags?post=4364"}],"curies":[{"name":"wp","href":"https:\/\/api.w.org\/{rel}","templated":true}]}}