{"id":43620,"date":"2023-01-31T09:07:54","date_gmt":"2023-01-31T12:07:54","guid":{"rendered":"http:\/\/www.sincomam.org.br\/?p=43620"},"modified":"2023-01-31T09:07:54","modified_gmt":"2023-01-31T12:07:54","slug":"detran-do-rj-comeca-a-emitir-a-nova-carteira-de-identidade-nacional","status":"publish","type":"post","link":"https:\/\/www.sincomam.org.br\/index.php\/detran-do-rj-comeca-a-emitir-a-nova-carteira-de-identidade-nacional\/","title":{"rendered":"Detran do RJ come\u00e7a a emitir a nova Carteira de Identidade Nacional"},"content":{"rendered":"<div>O Departamento de Tr\u00e2nsito do Rio (Detran.RJ)\u00a0 come\u00e7ou a emitir\u00a0<span id=\"OBJ_PREFIX_DWT919_com_zimbra_date\" role=\"link\">hoje<\/span>\u00a0(30) a Carteira de Identidade Nacional (CIN), que tem o CPF como n\u00famero \u00fanico de identifica\u00e7\u00e3o, com o objetivo de dificultar fraudes.\u00a0Inicialmente, como projeto-piloto, o novo documento ser\u00e1 emitido apenas para as crian\u00e7as de 0 a 11 anos de idade que pedirem a primeira via do RG em qualquer posto de identifica\u00e7\u00e3o civil do Detran.RJ no Estado do Rio<span id=\"OBJ_PREFIX_DWT920_com_zimbra_date\" role=\"link\">\u00a0de Janeiro<\/span>.<\/div>\n<div>\n<div>\n<div>\n<div>\n<div dir=\"ltr\">\n<p>Para que seja poss\u00edvel emitir o documento, que ser\u00e1 aceito em todo o territ\u00f3rio nacional, a crian\u00e7a precisa\u00a0<span id=\"OBJ_PREFIX_DWT921_com_zimbra_date\" role=\"link\">ter<\/span>\u00a0a certid\u00e3o original de nascimento com o CPF, ou a certid\u00e3o original e mais o documento de inscri\u00e7\u00e3o no CPF. Quem n\u00e3o tiver o CPF emitido pela Receita Federal receber\u00e1 o modelo antigo de RG. Antes de solicitar a identidade, \u00e9 poss\u00edvel fazer a inscri\u00e7\u00e3o no CPF pelo site da Receita ou em unidades conveniadas, como Banco do Brasil, Caixa Econ\u00f4mica Federal, Correios e cart\u00f3rios de Registro Civil.<img decoding=\"async\" src=\"https:\/\/agenciabrasil.ebc.com.br\/ebc.png?id=1507068&amp;o=node\" \/><img decoding=\"async\" src=\"https:\/\/agenciabrasil.ebc.com.br\/ebc.gif?id=1507068&amp;o=node\" \/><\/p>\n<p>A nova CIN tem um QR c<em>ode<\/em>\u00a0que permite verificar a autenticidade do documento, bem como saber se foi furtado ou extraviado. Foi incorporado tamb\u00e9m um c\u00f3digo internacional usado em passaportes, chamado MRZ, que facilita o uso do RG como documento de viagem, sendo lido em terminais de autoatendimento nos aeroportos brasileiros. Elementos gr\u00e1ficos modernos tamb\u00e9m dificultam falsifica\u00e7\u00f5es do novo modelo.<\/p>\n<p>De acordo com o presidente do Detran-RJ, \u201ccom o novo documento, a pessoa passa a ser identificada com um n\u00famero \u00fanico, o CPF.\u00a0<span id=\"OBJ_PREFIX_DWT922_com_zimbra_date\" role=\"link\">Hoje<\/span>, \u00e9 poss\u00edvel o cidad\u00e3o tirar um RG com n\u00fameros diferentes em cada estado da federa\u00e7\u00e3o. A Carteira de Identidade Nacional evita a duplicidade de registros e dificulta fraudes. \u00c9 muito importante para o Detran-RJ come\u00e7ar a oferecer este documento ao cidad\u00e3o do Estado do Rio<span id=\"OBJ_PREFIX_DWT923_com_zimbra_date\" role=\"link\">\u00a0de Janeiro<\/span>\u201d, afirmou.<\/p>\n<h2>Formato digital<\/h2>\n<p>Mais a frente, os cidad\u00e3os\u00a0<span id=\"OBJ_PREFIX_DWT924_com_zimbra_date\" role=\"link\">ter<\/span>\u00e3o acesso \u00e0 nova CIN tamb\u00e9m em formato digital, pelo aplicativo Gov.br, do governo federal. Ap\u00f3s emitir o documento impresso, o usu\u00e1rio poder\u00e1 baixar o app nas lojas IOS ou Android, fazer o cadastro, e acessar o documento pelo telefone celular, pelo tablet ou pelo computador. Tamb\u00e9m em breve, o Detran-RJ ampliar\u00e1 o acesso ao novo documento para cidad\u00e3os de outras faixas et\u00e1rias.<\/p>\n<p>O prazo de validade da nova CIN varia conforme a idade da pessoa: \u00e9 de 5 anos para crian\u00e7as at\u00e9 11 anos e de 10 anos para quem tem entre 12 e 59 anos. Para a popula\u00e7\u00e3o a partir de 60 anos, o prazo \u00e9 indeterminado. \u201cNo projeto-piloto, vamos emitir o novo documento apenas como a primeira via para as crian\u00e7as. N\u00e3o haver\u00e1 emiss\u00e3o de\u00a0<span id=\"OBJ_PREFIX_DWT925_com_zimbra_date\" role=\"link\">segunda<\/span>\u00a0via. O Detran-RJ tem at\u00e9 janeiro de 2024 para concluir a implementa\u00e7\u00e3o da CIN\u201d, afirmou o diretor de Identifica\u00e7\u00e3o Civil do departamento, Pedro Paulo Thompson.<\/p>\n<p>Pelo decreto federal que instituiu a CIN, o documento no formato anterior ser\u00e1 v\u00e1lido no pa\u00eds at\u00e9\u00a0<span id=\"OBJ_PREFIX_DWT926_com_zimbra_date\" role=\"link\">28 de fevereiro<\/span>\u00a0de 2032. Apenas daqui a nove anos, portanto, os usu\u00e1rios precisar\u00e3o\u00a0<span id=\"OBJ_PREFIX_DWT927_com_zimbra_date\" role=\"link\">ter<\/span>\u00a0obrigatoriamente a nova Carteira de Identidade Nacional, o que permitir\u00e1 uma transi\u00e7\u00e3o gradual para o novo modelo. Pessoas com 60 anos ou mais\u00a0<span id=\"OBJ_PREFIX_DWT928_com_zimbra_date\" role=\"link\">ter<\/span>\u00e3o a op\u00e7\u00e3o de n\u00e3o mudar o documento.<\/p>\n<p>Fonte: Ag\u00eancia Brasil<\/p>\n<\/div>\n<\/div>\n<\/div>\n<\/div>\n<\/div>\n","protected":false},"excerpt":{"rendered":"<p>O Departamento de Tr\u00e2nsito do Rio (Detran.RJ)\u00a0 come\u00e7ou a emitir\u00a0hoje\u00a0(30) a Carteira de Identidade Nacional (CIN), que tem o CPF como n\u00famero \u00fanico de identifica\u00e7\u00e3o,&#8230;<\/p>\n","protected":false},"author":1527,"featured_media":43621,"comment_status":"closed","ping_status":"closed","sticky":false,"template":"","format":"standard","meta":{"footnotes":""},"categories":[6],"tags":[],"class_list":["post-43620","post","type-post","status-publish","format-standard","has-post-thumbnail","hentry","category-noticias"],"_links":{"self":[{"href":"https:\/\/www.sincomam.org.br\/index.php\/wp-json\/wp\/v2\/posts\/43620","targetHints":{"allow":["GET"]}}],"collection":[{"href":"https:\/\/www.sincomam.org.br\/index.php\/wp-json\/wp\/v2\/posts"}],"about":[{"href":"https:\/\/www.sincomam.org.br\/index.php\/wp-json\/wp\/v2\/types\/post"}],"author":[{"embeddable":true,"href":"https:\/\/www.sincomam.org.br\/index.php\/wp-json\/wp\/v2\/users\/1527"}],"replies":[{"embeddable":true,"href":"https:\/\/www.sincomam.org.br\/index.php\/wp-json\/wp\/v2\/comments?post=43620"}],"version-history":[{"count":1,"href":"https:\/\/www.sincomam.org.br\/index.php\/wp-json\/wp\/v2\/posts\/43620\/revisions"}],"predecessor-version":[{"id":43622,"href":"https:\/\/www.sincomam.org.br\/index.php\/wp-json\/wp\/v2\/posts\/43620\/revisions\/43622"}],"wp:featuredmedia":[{"embeddable":true,"href":"https:\/\/www.sincomam.org.br\/index.php\/wp-json\/wp\/v2\/media\/43621"}],"wp:attachment":[{"href":"https:\/\/www.sincomam.org.br\/index.php\/wp-json\/wp\/v2\/media?parent=43620"}],"wp:term":[{"taxonomy":"category","embeddable":true,"href":"https:\/\/www.sincomam.org.br\/index.php\/wp-json\/wp\/v2\/categories?post=43620"},{"taxonomy":"post_tag","embeddable":true,"href":"https:\/\/www.sincomam.org.br\/index.php\/wp-json\/wp\/v2\/tags?post=43620"}],"curies":[{"name":"wp","href":"https:\/\/api.w.org\/{rel}","templated":true}]}}