{"id":43608,"date":"2023-01-30T08:06:35","date_gmt":"2023-01-30T11:06:35","guid":{"rendered":"http:\/\/www.sincomam.org.br\/?p=43608"},"modified":"2023-01-30T08:06:35","modified_gmt":"2023-01-30T11:06:35","slug":"grupamento-de-fuzileiros-navais-vao-reforcar-a-seguranca-em-santos","status":"publish","type":"post","link":"https:\/\/www.sincomam.org.br\/index.php\/grupamento-de-fuzileiros-navais-vao-reforcar-a-seguranca-em-santos\/","title":{"rendered":"Grupamento de fuzileiros navais v\u00e3o refor\u00e7ar a seguran\u00e7a em Santos"},"content":{"rendered":"<p>A portaria n\u00ba 11 cria o Grupamento de Fuzileiros Navais de Santos (GptFNSantos) para refor\u00e7ar a seguran\u00e7a no munic\u00edpio de Santos. A Capitania dos Portos de Santos confirmou a informa\u00e7\u00e3o, mas n\u00e3o h\u00e1 datas previstas para a implanta\u00e7\u00e3o do novo grupamento.<\/p>\n<p>A portaria descreve que ser\u00e1 implantado de modo progressivo. \u201cConforme as disponibilidades or\u00e7ament\u00e1rias e de Pr\u00f3prios Nacionais Residenciais para o Comandante e a tripula\u00e7\u00e3o, consoante os atos baixados pelo Comandante de Opera\u00e7\u00f5es Navais\u201d.<\/p>\n<p>A portaria foi publicada pelo comandante da Marinha, o almirante de Esquadra Marcos Sampaio Olsen, que assumiu o posto em 5 de janeiro de 2023 em cerim\u00f4nia presidida pelo ministro da Defesa, Jos\u00e9 M\u00facio Monteiro Filho, no Clube Naval de Bras\u00edlia.<\/p>\n<div class=\"Block__Component-sc-1uj1scg-0 bHcZsF\">\n<h2 class=\"styled__HeadingTwo-sc-fdx3oi-1 hqFDZk\">Confira a portaria na \u00edntegra:<\/h2>\n<\/div>\n<div class=\"Block__Component-sc-1uj1scg-0 bHcZsF\">\n<p class=\"styled__Paragraph-sc-fdx3oi-6 jDLBSn\"><em>\u201cPORTARIA N\u00ba 11\/MB\/MD, DE 23 DE JANEIRO DE 2023<\/em><\/p>\n<\/div>\n<div class=\"Block__Component-sc-1uj1scg-0 bHcZsF\">\n<p class=\"styled__Paragraph-sc-fdx3oi-6 jDLBSn\"><em>Altera a Portaria n\u00b0 61\/MB, de 4 de fevereiro de 2015, que criou o Grupamento de Fuzileiros Navais de S\u00e3o Paulo e d\u00e1 outras provid\u00eancias.<\/em><\/p>\n<\/div>\n<div class=\"Block__Component-sc-1uj1scg-0 bHcZsF\">\n<p class=\"styled__Paragraph-sc-fdx3oi-6 jDLBSn\"><em>O COMANDANTE DA MARINHA, no uso das atribui\u00e7\u00f5es que lhe s\u00e3o conferidas pelos arts. 4\u00b0 e 19 da Lei Complementar n\u00b0 97, de 9 de junho de 1999, e o inciso V do art. 26 do Anexo I ao Decreto n\u00b0 5.417, de 13 de abril de 2005, resolve:<\/em><\/p>\n<\/div>\n<div class=\"Block__Component-sc-1uj1scg-0 bHcZsF\">\n<p class=\"styled__Paragraph-sc-fdx3oi-6 jDLBSn\"><em>Art. 1\u00b0 Alterar os arts. 1\u00b0, 2\u00b0 e 3\u00b0 da Portaria n\u00b0 61\/MB, de 4 de fevereiro de 2015, publicada no Di\u00e1rio Oficial da Uni\u00e3o n\u00b0 25, de 5 de fevereiro de 2015, Se\u00e7\u00e3o 1, p\u00e1gina 16, que criou o Grupamento de Fuzileiros Navais de S\u00e3o Paulo (GptFNSP), que passam a vigorar com as seguintes reda\u00e7\u00f5es:<\/em><\/p>\n<\/div>\n<div class=\"Block__Component-sc-1uj1scg-0 fwYMcJ\">\n<div class=\"sc-1vipanx-0 ecgQoK\">\n<div class=\"Block__Component-sc-1uj1scg-0 kQtPb\">\n<div id=\"banner-970x250-3\">\n<div><em>\u201cArt. 1\u00b0 Criar, na Estrutura Regimental do Comando da Marinha, o Grupamento de Fuzileiros Navais de Santos (GptFNSantos), Organiza\u00e7\u00e3o Militar com autonomia administrativa, com sede na Cidade de Santos, Estado de S\u00e3o Paulo, subordinado ao Comando do 8\u00b0 Distrito Naval, com o prop\u00f3sito de contribuir para o cumprimento da miss\u00e3o daquele Distrito, sob o comando de um Capit\u00e3o de Fragata do Corpo de Fuzileiros Navais.\u201d(NR)<\/em><\/div>\n<\/div>\n<\/div>\n<\/div>\n<\/div>\n<div class=\"Block__Component-sc-1uj1scg-0 bHcZsF\">\n<p class=\"styled__Paragraph-sc-fdx3oi-6 jDLBSn\"><em>\u201cArt. 2\u00b0 A implanta\u00e7\u00e3o do GptFNSantos ser\u00e1 efetivada de modo progressivo, conforme as disponibilidades or\u00e7ament\u00e1rias e de Pr\u00f3prios Nacionais Residenciais para o Comandante e a tripula\u00e7\u00e3o, consoante os atos abaixados pelo Comandante de Opera\u00e7\u00f5es Navais.\u201d(NR)<\/em><\/p>\n<\/div>\n<div class=\"Block__Component-sc-1uj1scg-0 bHcZsF\">\n<p class=\"styled__Paragraph-sc-fdx3oi-6 jDLBSn\"><em>\u201cArt. 3\u00b0 Durante a fase de implanta\u00e7\u00e3o, fica criado o N\u00facleo de Implanta\u00e7\u00e3o do Grupamento de Fuzileiros Navais de Santos (NI-GptFNSantos) o qual dever\u00e1, gradativamente, assumir a responsabilidade pela estrutura f\u00edsica, organizacional e or\u00e7ament\u00e1ria do GptFNSantos.<\/em><\/p>\n<\/div>\n<div class=\"Block__Component-sc-1uj1scg-0 bHcZsF\">\n<p class=\"styled__Paragraph-sc-fdx3oi-6 jDLBSn\"><em>Par\u00e1grafo \u00fanico. O N\u00facleo de que trata este artigo ter\u00e1 suas atividades e organiza\u00e7\u00e3o estruturadas por um Regulamento provis\u00f3rio, aprovado pelo Comandante de Opera\u00e7\u00f5es Navais e ser\u00e1 considerado automaticamente extinto por ocasi\u00e3o da Cerim\u00f4nia de Mostra de Ativa\u00e7\u00e3o do GptFNSantos.\u201d(NR)<\/em><\/p>\n<\/div>\n<div class=\"Block__Component-sc-1uj1scg-0 bHcZsF\">\n<p class=\"styled__Paragraph-sc-fdx3oi-6 jDLBSn\"><em>Art. 2\u00b0 Esta Portaria entra em vigor em 24 de janeiro de 2023.<\/em><\/p>\n<\/div>\n<div class=\"Block__Component-sc-1uj1scg-0 bHcZsF\">\n<p class=\"styled__Paragraph-sc-fdx3oi-6 jDLBSn\"><em>Marcos Sampaio Olsen\u201d<\/em><\/p>\n<p>Fonte: Defesa em Foco<\/p>\n<\/div>\n","protected":false},"excerpt":{"rendered":"<p>A portaria n\u00ba 11 cria o Grupamento de Fuzileiros Navais de Santos (GptFNSantos) para refor\u00e7ar a seguran\u00e7a no munic\u00edpio de Santos. A Capitania dos Portos&#8230;<\/p>\n","protected":false},"author":1527,"featured_media":43609,"comment_status":"closed","ping_status":"closed","sticky":false,"template":"","format":"standard","meta":{"footnotes":""},"categories":[6],"tags":[],"class_list":["post-43608","post","type-post","status-publish","format-standard","has-post-thumbnail","hentry","category-noticias"],"_links":{"self":[{"href":"https:\/\/www.sincomam.org.br\/index.php\/wp-json\/wp\/v2\/posts\/43608","targetHints":{"allow":["GET"]}}],"collection":[{"href":"https:\/\/www.sincomam.org.br\/index.php\/wp-json\/wp\/v2\/posts"}],"about":[{"href":"https:\/\/www.sincomam.org.br\/index.php\/wp-json\/wp\/v2\/types\/post"}],"author":[{"embeddable":true,"href":"https:\/\/www.sincomam.org.br\/index.php\/wp-json\/wp\/v2\/users\/1527"}],"replies":[{"embeddable":true,"href":"https:\/\/www.sincomam.org.br\/index.php\/wp-json\/wp\/v2\/comments?post=43608"}],"version-history":[{"count":1,"href":"https:\/\/www.sincomam.org.br\/index.php\/wp-json\/wp\/v2\/posts\/43608\/revisions"}],"predecessor-version":[{"id":43610,"href":"https:\/\/www.sincomam.org.br\/index.php\/wp-json\/wp\/v2\/posts\/43608\/revisions\/43610"}],"wp:featuredmedia":[{"embeddable":true,"href":"https:\/\/www.sincomam.org.br\/index.php\/wp-json\/wp\/v2\/media\/43609"}],"wp:attachment":[{"href":"https:\/\/www.sincomam.org.br\/index.php\/wp-json\/wp\/v2\/media?parent=43608"}],"wp:term":[{"taxonomy":"category","embeddable":true,"href":"https:\/\/www.sincomam.org.br\/index.php\/wp-json\/wp\/v2\/categories?post=43608"},{"taxonomy":"post_tag","embeddable":true,"href":"https:\/\/www.sincomam.org.br\/index.php\/wp-json\/wp\/v2\/tags?post=43608"}],"curies":[{"name":"wp","href":"https:\/\/api.w.org\/{rel}","templated":true}]}}