{"id":43596,"date":"2023-01-30T07:55:37","date_gmt":"2023-01-30T10:55:37","guid":{"rendered":"http:\/\/www.sincomam.org.br\/?p=43596"},"modified":"2023-01-30T07:55:37","modified_gmt":"2023-01-30T10:55:37","slug":"porto-de-itajai-tera-nova-linha-de-conteineres","status":"publish","type":"post","link":"https:\/\/www.sincomam.org.br\/index.php\/porto-de-itajai-tera-nova-linha-de-conteineres\/","title":{"rendered":"Porto de Itaja\u00ed ter\u00e1 nova linha de cont\u00eaineres"},"content":{"rendered":"<p>O Porto de Itaja\u00ed ter\u00e1 uma nova linha de cont\u00eaineres a partir de fevereiro. A APM Terminals, empresa arrendat\u00e1ria dos ber\u00e7os 1 e 2, anunciou na sexta-feira (27) a vinda do armador panamenho CTM. A primeira atraca\u00e7\u00e3o dever\u00e1 ser o navio &#8220;Theodor&#8221;, programada para 10 de fevereiro. O servi\u00e7o marca o retorno das linhas de cont\u00eainer para Itaja\u00ed, ap\u00f3s cerca de um m\u00eas sem este tipo de opera\u00e7\u00e3o.<\/p>\n<p>\u201cA vinda dessa nova linha marca o in\u00edcio da retomada na movimenta\u00e7\u00e3o de cont\u00eaineres no Porto de Itaja\u00ed. Infelizmente, no final do ano passado o Governo Federal n\u00e3o concluiu o leil\u00e3o previsto para definir o novo operador portu\u00e1rio para as pr\u00f3ximas d\u00e9cadas, causando toda essa instabilidade. Da nossa parte, administra\u00e7\u00e3o municipal em conjunto com a APM Terminals, seguiremos trabalhando forte para que mais linhas venham rapidamente ao nosso porto e temos boas perspectivas j\u00e1 para os pr\u00f3ximos meses\u201d, destaca o prefeito de Itaja\u00ed, Volnei Morastoni.<\/p>\n<p>A rota da linha operada pela CTM prev\u00ea atraca\u00e7\u00f5es em tr\u00eas portos brasileiros e tamb\u00e9m em Montevid\u00e9u, no Uruguai, Cartagena, na Col\u00f4mbia, Santiago de Cuba e Mariel, em Cuba. Al\u00e9m disso, o operador oferecer\u00e1 o servi\u00e7o de feeder na Rep\u00fablica Dominicana, Panam\u00e1 e M\u00e9xico. Entre as cargas que dever\u00e3o ser movimentadas est\u00e3o produtos do g\u00eanero aliment\u00edcio e cargas refrigeradas.<\/p>\n<p>O superintendente do Porto de Itaja\u00ed, F\u00e1bio da Veiga, garante que esta \u00e9 a primeira linha de outras que retornar\u00e3o ao terminal nos pr\u00f3ximos meses. A expectativa \u00e9 movimentar mais de 10 mil cont\u00eaineres mensais a partir de mar\u00e7o, retomando a plena opera\u00e7\u00e3o do Porto.<\/p>\n<p>\u201cEssa primeira linha anunciada pela APM Terminals \u00e9 recebida com muita alegria pela comunidade portu\u00e1ria e demonstra que t\u00e3o logo consegu\u00edssemos superar as inseguran\u00e7as jur\u00eddicas causadas pelo processo de desestatiza\u00e7\u00e3o, Itaja\u00ed voltaria a ser um grande atrativo para os armadores\u201d, destaca Veiga.<\/p>\n<p>O diretor superintendente da APM Terminals, Aristides Russi Junior, tamb\u00e9m destaca a import\u00e2ncia desta retomada para os neg\u00f3cios da regi\u00e3o: \u201cTemos atuado de forma muito intensa para reconstruir o portf\u00f3lio de servi\u00e7os e a primeira linha representa um fato importante para todos n\u00f3s. Al\u00e9m disso, temos buscado diversas alternativas para movimentar a cadeia log\u00edstica como um todo e para dar oportunidades ao Trabalhador Portu\u00e1rio atuar tamb\u00e9m\u201d, afirma.<\/p>\n<p>Al\u00e9m do servi\u00e7o anunciado, em 2023 j\u00e1 foram operados pela APMT no Porto de Itaja\u00ed dois navios de carga break bulk e um de carros. Ainda para o final deste m\u00eas de janeiro est\u00e1 programada a vinda de outro navio de opera\u00e7\u00e3o roll on, roll off.<\/p>\n<p>Fonte: Portos e Navios<\/p>\n","protected":false},"excerpt":{"rendered":"<p>O Porto de Itaja\u00ed ter\u00e1 uma nova linha de cont\u00eaineres a partir de fevereiro. A APM Terminals, empresa arrendat\u00e1ria dos ber\u00e7os 1 e 2, anunciou&#8230;<\/p>\n","protected":false},"author":1527,"featured_media":43597,"comment_status":"closed","ping_status":"closed","sticky":false,"template":"","format":"standard","meta":{"footnotes":""},"categories":[6],"tags":[],"class_list":["post-43596","post","type-post","status-publish","format-standard","has-post-thumbnail","hentry","category-noticias"],"_links":{"self":[{"href":"https:\/\/www.sincomam.org.br\/index.php\/wp-json\/wp\/v2\/posts\/43596","targetHints":{"allow":["GET"]}}],"collection":[{"href":"https:\/\/www.sincomam.org.br\/index.php\/wp-json\/wp\/v2\/posts"}],"about":[{"href":"https:\/\/www.sincomam.org.br\/index.php\/wp-json\/wp\/v2\/types\/post"}],"author":[{"embeddable":true,"href":"https:\/\/www.sincomam.org.br\/index.php\/wp-json\/wp\/v2\/users\/1527"}],"replies":[{"embeddable":true,"href":"https:\/\/www.sincomam.org.br\/index.php\/wp-json\/wp\/v2\/comments?post=43596"}],"version-history":[{"count":1,"href":"https:\/\/www.sincomam.org.br\/index.php\/wp-json\/wp\/v2\/posts\/43596\/revisions"}],"predecessor-version":[{"id":43598,"href":"https:\/\/www.sincomam.org.br\/index.php\/wp-json\/wp\/v2\/posts\/43596\/revisions\/43598"}],"wp:featuredmedia":[{"embeddable":true,"href":"https:\/\/www.sincomam.org.br\/index.php\/wp-json\/wp\/v2\/media\/43597"}],"wp:attachment":[{"href":"https:\/\/www.sincomam.org.br\/index.php\/wp-json\/wp\/v2\/media?parent=43596"}],"wp:term":[{"taxonomy":"category","embeddable":true,"href":"https:\/\/www.sincomam.org.br\/index.php\/wp-json\/wp\/v2\/categories?post=43596"},{"taxonomy":"post_tag","embeddable":true,"href":"https:\/\/www.sincomam.org.br\/index.php\/wp-json\/wp\/v2\/tags?post=43596"}],"curies":[{"name":"wp","href":"https:\/\/api.w.org\/{rel}","templated":true}]}}