{"id":43562,"date":"2023-01-26T07:57:50","date_gmt":"2023-01-26T10:57:50","guid":{"rendered":"http:\/\/www.sincomam.org.br\/?p=43562"},"modified":"2023-01-26T07:58:58","modified_gmt":"2023-01-26T10:58:58","slug":"projetos-nas-areas-de-petroleo-e-gas-infraestrutura-e-energia-eletrica-no-rio-de-janeiro-podem-gerar-cerca-de-us-100-bilhoes-em-investimentos","status":"publish","type":"post","link":"https:\/\/www.sincomam.org.br\/index.php\/projetos-nas-areas-de-petroleo-e-gas-infraestrutura-e-energia-eletrica-no-rio-de-janeiro-podem-gerar-cerca-de-us-100-bilhoes-em-investimentos\/","title":{"rendered":"Projetos nas \u00e1reas de petr\u00f3leo e g\u00e1s no Rio, podem gerar cerca de US$ 100 bilh\u00f5es em investimentos"},"content":{"rendered":"<p>A Federa\u00e7\u00e3o das Ind\u00fastrias do Rio de Janeiro (Firjan) pressup\u00f5e que o Rio de Janeiro tem potencial para despertar investimentos nas \u00e1reas de petr\u00f3leo e g\u00e1s, infraestrutura e energia el\u00e9trica, somando por volta de US$ 100 bilh\u00f5es em 45 empreendimentos j\u00e1 mapeados pela\u00a0entidade. Al\u00e9m de movimentar a economia local, tais investimentos contribuem, de forma significativa, para a gera\u00e7\u00e3o de novos empregos.<\/p>\n<p>Do valor total do montante, cerca de US$ 60 bilh\u00f5es j\u00e1 estariam destinados em projetos voltados para a explora\u00e7\u00e3o e produ\u00e7\u00e3o de petr\u00f3leo e g\u00e1s at\u00e9 2025.<\/p>\n<p>Os US$ 40 bilh\u00f5es restantes seriam programados para projetos n\u00e3o sobrepostos de e\u00f3licas offshore, previstos para um prazo mais longo.<\/p>\n<p>Luiz C\u00e9sio Caetano, presidente em exerc\u00edcio da Firjan, apontou que a federa\u00e7\u00e3o elaborou uma Pauta Priorit\u00e1ria para o setor, oriunda da agenda Propostas da Firjan para um Brasil 4.0, elaborada ap\u00f3s ouvir mais de 600 lideran\u00e7as empresariais do Rio de Janeiro.<\/p>\n<p>\u201cOs temas priorit\u00e1rios para a ind\u00fastria s\u00e3o: hubs de energia de classe mundial com conceito porto ind\u00fastria e conex\u00e3o log\u00edstica, gera\u00e7\u00e3o distribu\u00edda de energia el\u00e9trica a partir da fonte solar, g\u00e1s natural como potencial transformador econ\u00f4mico, e\u00f3licas offshore no horizonte energ\u00e9tico, mercado de hidrog\u00eanio como agenda de futuro, ind\u00fastria naval como voca\u00e7\u00e3o natural e mercado de petr\u00f3leo como catalisador de desenvolvimento\u201d, calculou Caetano.<\/p>\n<p>O levantamento de dados foi apresentado em uma reuni\u00e3o que aconteceu na ter\u00e7a-feira, dia 24, entre a diretoria da Firjan, ind\u00fastrias e o secret\u00e1rio de Energia e Economia do Mar do Estado do Rio de Janeiro, Hugo Leal.<\/p>\n<p>O secret\u00e1rio salientou que o panorama energ\u00e9tico fluminense \u00e9 imprescind\u00edvel para o progresso econ\u00f4mico e evidenciou a necessidade de se investir em outras energias al\u00e9m da f\u00f3ssil.<\/p>\n<p>\u201cN\u00e3o podemos abrir m\u00e3o do petr\u00f3leo e g\u00e1s, nossos principais ativos. Mas n\u00e3o podemos perder as perspectivas das energias renov\u00e1veis. Temos a energia solar, a e\u00f3lica offshore, o biog\u00e1s e o biometano, a produ\u00e7\u00e3o do hidrog\u00eanio e fertilizantes\u201d, afirmou.<\/p>\n<p>Al\u00e9m disso, Leal refor\u00e7ou sobre as oportunidades na economia mar\u00edtima para estimular o setor naval, enfraquecido desde que a Petrobras passou a encomendar equipamentos fora do pa\u00eds.<\/p>\n<h2>Conhe\u00e7a a Firjan<\/h2>\n<p>A Firjan \u00e9 uma organiza\u00e7\u00e3o privada sem fins lucrativos. Sua miss\u00e3o \u00e9 \u201cpromover competitividade empresarial, educa\u00e7\u00e3o e qualidade de vida do trabalhador da ind\u00fastria e de toda a sociedade, contribuindo para o desenvolvimento sustent\u00e1vel do Rio de Janeiro\u201d.<\/p>\n<p>A entidade \u00e9 composta por cinco institui\u00e7\u00f5es que trabalham de forma integrada, voltadas para o crescimento da ind\u00fastria fluminense. S\u00e3o elas a Firjan, Firjan CIRJ (Centro Industrial do Rio de Janeiro), Firjan SESI, Firjan SENAI e Firjan IEL.<\/p>\n<p>Em uni\u00e3o, promovem a\u00e7\u00f5es nos n\u00edveis econ\u00f4mico, pol\u00edtico e social para garantir uma posi\u00e7\u00e3o de destaque para o estado no cen\u00e1rio nacional. A entidade, na totalidade, se caracteriza, hoje, como prestadora de servi\u00e7os \u00e0s empresas e \u00e0 sociedade.<\/p>\n<p>Fonte: Click Petr\u00f3leo e G\u00e1s<\/p>\n","protected":false},"excerpt":{"rendered":"<p>A Federa\u00e7\u00e3o das Ind\u00fastrias do Rio de Janeiro (Firjan) pressup\u00f5e que o Rio de Janeiro tem potencial para despertar investimentos nas \u00e1reas de petr\u00f3leo e&#8230;<\/p>\n","protected":false},"author":1527,"featured_media":43563,"comment_status":"closed","ping_status":"closed","sticky":false,"template":"","format":"standard","meta":{"footnotes":""},"categories":[6],"tags":[],"class_list":["post-43562","post","type-post","status-publish","format-standard","has-post-thumbnail","hentry","category-noticias"],"_links":{"self":[{"href":"https:\/\/www.sincomam.org.br\/index.php\/wp-json\/wp\/v2\/posts\/43562","targetHints":{"allow":["GET"]}}],"collection":[{"href":"https:\/\/www.sincomam.org.br\/index.php\/wp-json\/wp\/v2\/posts"}],"about":[{"href":"https:\/\/www.sincomam.org.br\/index.php\/wp-json\/wp\/v2\/types\/post"}],"author":[{"embeddable":true,"href":"https:\/\/www.sincomam.org.br\/index.php\/wp-json\/wp\/v2\/users\/1527"}],"replies":[{"embeddable":true,"href":"https:\/\/www.sincomam.org.br\/index.php\/wp-json\/wp\/v2\/comments?post=43562"}],"version-history":[{"count":2,"href":"https:\/\/www.sincomam.org.br\/index.php\/wp-json\/wp\/v2\/posts\/43562\/revisions"}],"predecessor-version":[{"id":43565,"href":"https:\/\/www.sincomam.org.br\/index.php\/wp-json\/wp\/v2\/posts\/43562\/revisions\/43565"}],"wp:featuredmedia":[{"embeddable":true,"href":"https:\/\/www.sincomam.org.br\/index.php\/wp-json\/wp\/v2\/media\/43563"}],"wp:attachment":[{"href":"https:\/\/www.sincomam.org.br\/index.php\/wp-json\/wp\/v2\/media?parent=43562"}],"wp:term":[{"taxonomy":"category","embeddable":true,"href":"https:\/\/www.sincomam.org.br\/index.php\/wp-json\/wp\/v2\/categories?post=43562"},{"taxonomy":"post_tag","embeddable":true,"href":"https:\/\/www.sincomam.org.br\/index.php\/wp-json\/wp\/v2\/tags?post=43562"}],"curies":[{"name":"wp","href":"https:\/\/api.w.org\/{rel}","templated":true}]}}