{"id":4355,"date":"2014-03-21T08:10:12","date_gmt":"2014-03-21T11:10:12","guid":{"rendered":"http:\/\/www.sincomam.org.br\/?p=4355"},"modified":"2014-03-20T10:59:02","modified_gmt":"2014-03-20T13:59:02","slug":"presidente-das-docas-da-paraiba-ataca-dilma-com-palavras-de-baixo-calao","status":"publish","type":"post","link":"https:\/\/www.sincomam.org.br\/index.php\/presidente-das-docas-da-paraiba-ataca-dilma-com-palavras-de-baixo-calao\/","title":{"rendered":"Presidente das Docas da Para\u00edba ataca Dilma com palavras de baixo cal\u00e3o"},"content":{"rendered":"<p><b><i>Declara\u00e7\u00f5es de Wilbur J\u00e1come foram feitas durante reuni\u00e3o com sindicalistas<\/i><\/b><\/p>\n<p>O presidente da Companhia Docas da Para\u00edba, que administra o Porto de Cabedelo, Wilbur J\u00e1come, fez duras criticas a presidenta da Rep\u00fablica Dilma Rousseff (PT), durante reuni\u00e3o p\u00fablica com sindicalistas e outras pessoas. De acordo com o \u00e1udio, que circula na m\u00eddia paraibana, Wilbur teria dito que Dilma n\u00e3o vale nada e a chama de rapariga e escrota.<\/p>\n<p>\u201cPodem preparar as barraquinhas, que eu vou com voc\u00eas para a rua. Agente vai junto, eu vou junto com o sindicato, porque eu vou entrar na campanha para botar pra foder para tirar essa rapariga da Dilma da presid\u00eancia da Rep\u00fablica. Essa mulher \u00e9 uma escrota, essa mulher n\u00e3o vale nada\u201d, atacou.<\/p>\n<p>As cr\u00edticas de Wilbur tamb\u00e9m foram estendidas ao PT, partido de Dilma.<\/p>\n<p>\u201cO PT n\u00e3o vale nada. Esse povo que t\u00e1 a\u00ed n\u00e3o est\u00e1 nem a\u00ed para quem t\u00e1 aqui na Para\u00edba. Ent\u00e3o, vem aqui s\u00f3 para pedir voto para a gente\u201d, afirmou.<\/p>\n<p><b>Retrata\u00e7\u00e3o<\/b><\/p>\n<p>Nesta quarta-feira (19\/3), ap\u00f3s a pol\u00eamica do \u00e1udio, o presidente da Companhia Docas se retratou a respeito das declara\u00e7\u00f5es ofensivas \u00e0 presidente Dilma e destacou que n\u00e3o falou em nome da empresa.<\/p>\n<p>J\u00e0come se retratou e afirmou que iria emitir uma nota em nome da companhia Docas colocando a posi\u00e7\u00e3o da empresa. O presidente ainda confirmou a veracidade do \u00e1udio, mas explicou que n\u00e3o estava falando enquanto presidente da Companhia.<\/p>\n<p>Fonte: Paraiba.com\/WSCOM Online<strong><br \/><\/strong><\/p>\n","protected":false},"excerpt":{"rendered":"<p>Declara\u00e7\u00f5es de Wilbur J\u00e1come foram feitas durante reuni\u00e3o com sindicalistas O presidente da Companhia Docas da Para\u00edba, que administra o Porto de Cabedelo, Wilbur J\u00e1come,&#8230;<\/p>\n","protected":false},"author":1182,"featured_media":4356,"comment_status":"closed","ping_status":"closed","sticky":false,"template":"","format":"standard","meta":{"footnotes":""},"categories":[6],"tags":[778,780,779,314,781],"class_list":["post-4355","post","type-post","status-publish","format-standard","has-post-thumbnail","hentry","category-noticias","tag-companhia-docas-da-paraiba","tag-dilma-rousseff","tag-insultos","tag-presidente","tag-retratacao"],"_links":{"self":[{"href":"https:\/\/www.sincomam.org.br\/index.php\/wp-json\/wp\/v2\/posts\/4355","targetHints":{"allow":["GET"]}}],"collection":[{"href":"https:\/\/www.sincomam.org.br\/index.php\/wp-json\/wp\/v2\/posts"}],"about":[{"href":"https:\/\/www.sincomam.org.br\/index.php\/wp-json\/wp\/v2\/types\/post"}],"author":[{"embeddable":true,"href":"https:\/\/www.sincomam.org.br\/index.php\/wp-json\/wp\/v2\/users\/1182"}],"replies":[{"embeddable":true,"href":"https:\/\/www.sincomam.org.br\/index.php\/wp-json\/wp\/v2\/comments?post=4355"}],"version-history":[{"count":1,"href":"https:\/\/www.sincomam.org.br\/index.php\/wp-json\/wp\/v2\/posts\/4355\/revisions"}],"predecessor-version":[{"id":4357,"href":"https:\/\/www.sincomam.org.br\/index.php\/wp-json\/wp\/v2\/posts\/4355\/revisions\/4357"}],"wp:featuredmedia":[{"embeddable":true,"href":"https:\/\/www.sincomam.org.br\/index.php\/wp-json\/wp\/v2\/media\/4356"}],"wp:attachment":[{"href":"https:\/\/www.sincomam.org.br\/index.php\/wp-json\/wp\/v2\/media?parent=4355"}],"wp:term":[{"taxonomy":"category","embeddable":true,"href":"https:\/\/www.sincomam.org.br\/index.php\/wp-json\/wp\/v2\/categories?post=4355"},{"taxonomy":"post_tag","embeddable":true,"href":"https:\/\/www.sincomam.org.br\/index.php\/wp-json\/wp\/v2\/tags?post=4355"}],"curies":[{"name":"wp","href":"https:\/\/api.w.org\/{rel}","templated":true}]}}