{"id":43530,"date":"2023-01-25T12:04:45","date_gmt":"2023-01-25T15:04:45","guid":{"rendered":"http:\/\/www.sincomam.org.br\/?p=43530"},"modified":"2023-01-25T12:04:45","modified_gmt":"2023-01-25T15:04:45","slug":"acordo-bilateral-de-navegacao-ainda-nao-foi-renovado-e-segue-sem-previsao","status":"publish","type":"post","link":"https:\/\/www.sincomam.org.br\/index.php\/acordo-bilateral-de-navegacao-ainda-nao-foi-renovado-e-segue-sem-previsao\/","title":{"rendered":"Acordo bilateral de navega\u00e7\u00e3o ainda n\u00e3o foi renovado e segue sem previs\u00e3o"},"content":{"rendered":"<p>A Clean Arctic Alliance, composta por 20 organiza\u00e7\u00f5es sem fins lucrativos, pediu uma a\u00e7\u00e3o urgente para abordar o impacto do ru\u00eddo subaqu\u00e1tico dos navios na vida selvagem do \u00c1rtico.<\/p>\n<p>Uma reuni\u00e3o da IMO, MEPC 76, em junho de 2021, encarregou o Subcomit\u00ea de Projeto e Constru\u00e7\u00e3o de Navios (SDC) de revisar as Diretrizes de 2014 da IMO sobre a Redu\u00e7\u00e3o do Ru\u00eddo Subaqu\u00e1tico da Navega\u00e7\u00e3o e identificar as pr\u00f3ximas etapas e organizar um programa de a\u00e7\u00e3o. O comit\u00ea da SDC descobriu que a principal barreira que limitava a aceita\u00e7\u00e3o e implementa\u00e7\u00e3o das diretrizes de 2014 era sua natureza n\u00e3o obrigat\u00f3ria.<\/p>\n<p>Uma pesquisa da ind\u00fastria de transporte mar\u00edtimo comercial, realizada em 2019 pela Environics Research e pela World Maritime University, supervisionada pela Transport Canada, a C\u00e2mara de Navega\u00e7\u00e3o da Am\u00e9rica e o WWF Canad\u00e1, constatou que a natureza n\u00e3o regulamentar\/n\u00e3o obrigat\u00f3ria das diretrizes foi uma barreira prim\u00e1ria para que se avan\u00e7asse rumo a uma resolu\u00e7\u00e3o.<\/p>\n<p>Um estudo divulgado em outubro de 2022 confirmou que o ru\u00eddo subaqu\u00e1tico dos navios continua a dobrar aproximadamente a cada d\u00e9cada no oceano. O \u00c1rtico \u00e9 um caso especial por causa de como o som se propaga por longas dist\u00e2ncias e como pode impactar a vida marinha.<\/p>\n<div class=\"addtoany_container\">Fonte: Portos e Navios<\/div>\n","protected":false},"excerpt":{"rendered":"<p>A Clean Arctic Alliance, composta por 20 organiza\u00e7\u00f5es sem fins lucrativos, pediu uma a\u00e7\u00e3o urgente para abordar o impacto do ru\u00eddo subaqu\u00e1tico dos navios na&#8230;<\/p>\n","protected":false},"author":1527,"featured_media":43531,"comment_status":"closed","ping_status":"closed","sticky":false,"template":"","format":"standard","meta":{"footnotes":""},"categories":[6],"tags":[],"class_list":["post-43530","post","type-post","status-publish","format-standard","has-post-thumbnail","hentry","category-noticias"],"_links":{"self":[{"href":"https:\/\/www.sincomam.org.br\/index.php\/wp-json\/wp\/v2\/posts\/43530","targetHints":{"allow":["GET"]}}],"collection":[{"href":"https:\/\/www.sincomam.org.br\/index.php\/wp-json\/wp\/v2\/posts"}],"about":[{"href":"https:\/\/www.sincomam.org.br\/index.php\/wp-json\/wp\/v2\/types\/post"}],"author":[{"embeddable":true,"href":"https:\/\/www.sincomam.org.br\/index.php\/wp-json\/wp\/v2\/users\/1527"}],"replies":[{"embeddable":true,"href":"https:\/\/www.sincomam.org.br\/index.php\/wp-json\/wp\/v2\/comments?post=43530"}],"version-history":[{"count":1,"href":"https:\/\/www.sincomam.org.br\/index.php\/wp-json\/wp\/v2\/posts\/43530\/revisions"}],"predecessor-version":[{"id":43532,"href":"https:\/\/www.sincomam.org.br\/index.php\/wp-json\/wp\/v2\/posts\/43530\/revisions\/43532"}],"wp:featuredmedia":[{"embeddable":true,"href":"https:\/\/www.sincomam.org.br\/index.php\/wp-json\/wp\/v2\/media\/43531"}],"wp:attachment":[{"href":"https:\/\/www.sincomam.org.br\/index.php\/wp-json\/wp\/v2\/media?parent=43530"}],"wp:term":[{"taxonomy":"category","embeddable":true,"href":"https:\/\/www.sincomam.org.br\/index.php\/wp-json\/wp\/v2\/categories?post=43530"},{"taxonomy":"post_tag","embeddable":true,"href":"https:\/\/www.sincomam.org.br\/index.php\/wp-json\/wp\/v2\/tags?post=43530"}],"curies":[{"name":"wp","href":"https:\/\/api.w.org\/{rel}","templated":true}]}}