{"id":43514,"date":"2023-01-24T08:40:09","date_gmt":"2023-01-24T11:40:09","guid":{"rendered":"http:\/\/www.sincomam.org.br\/?p=43514"},"modified":"2023-01-24T08:40:09","modified_gmt":"2023-01-24T11:40:09","slug":"ue-incluira-transporte-maritimo-no-sistema-de-comercio-de-emissoes","status":"publish","type":"post","link":"https:\/\/www.sincomam.org.br\/index.php\/ue-incluira-transporte-maritimo-no-sistema-de-comercio-de-emissoes\/","title":{"rendered":"UE incluir\u00e1 transporte mar\u00edtimo no sistema de com\u00e9rcio de emiss\u00f5es"},"content":{"rendered":"<p>Os \u00f3rg\u00e3os legislativos da UE decidiram incluir o transporte mar\u00edtimo em seu Sistema de Com\u00e9rcio de Emiss\u00f5es (EU ETS). Sujeito \u00e0 aprova\u00e7\u00e3o final, a ideia \u00e9 que navios acima de 5.000 GT transportando carga ou passageiros para fins comerciais na UE ser\u00e3o obrigados a adquirir e devolver licen\u00e7as de emiss\u00e3o para suas emiss\u00f5es de CO2 a partir de 2024. Navios offshore ser\u00e3o inclu\u00eddos a partir de 2027.<\/p>\n<p>O Parlamento Europeu, o Conselho da Uni\u00e3o Europeia e a Comiss\u00e3o Europeia s\u00e3o os \u00f3rg\u00e3os envolvidos. Ainda n\u00e3o h\u00e1 texto consolidado.<\/p>\n<p>O EU ETS \u00e9 um sistema onde uma quantidade limitada de licen\u00e7as de emiss\u00e3o \u2013 o cap \u2013 \u00e9 colocada no mercado e pode ser negociada. O limite \u00e9 reduzido a cada ano, garantindo que a meta de emiss\u00f5es da UE at\u00e9 2030 de redu\u00e7\u00e3o de 55%, em rela\u00e7\u00e3o a 1990, possa ser cumprida.<\/p>\n<p>A partir de 2024, o EU ETS incluir\u00e1 navios acima de 5.000 GT que transportam carga ou passageiros para fins comerciais. O sistema ser\u00e1 estendido a partir de 2025 para se aplicar a navios offshore acima de 400 GT e navios de carga geral entre 400 e 5000 GT que transportam carga para fins comerciais. Os navios offshore acima de 5.000 GT ser\u00e3o inclu\u00eddos no ETS a partir de 2027.<\/p>\n<p>Fonte: Portos e Navios<\/p>\n","protected":false},"excerpt":{"rendered":"<p>Os \u00f3rg\u00e3os legislativos da UE decidiram incluir o transporte mar\u00edtimo em seu Sistema de Com\u00e9rcio de Emiss\u00f5es (EU ETS). Sujeito \u00e0 aprova\u00e7\u00e3o final, a ideia&#8230;<\/p>\n","protected":false},"author":1527,"featured_media":43515,"comment_status":"closed","ping_status":"closed","sticky":false,"template":"","format":"standard","meta":{"footnotes":""},"categories":[6],"tags":[],"class_list":["post-43514","post","type-post","status-publish","format-standard","has-post-thumbnail","hentry","category-noticias"],"_links":{"self":[{"href":"https:\/\/www.sincomam.org.br\/index.php\/wp-json\/wp\/v2\/posts\/43514","targetHints":{"allow":["GET"]}}],"collection":[{"href":"https:\/\/www.sincomam.org.br\/index.php\/wp-json\/wp\/v2\/posts"}],"about":[{"href":"https:\/\/www.sincomam.org.br\/index.php\/wp-json\/wp\/v2\/types\/post"}],"author":[{"embeddable":true,"href":"https:\/\/www.sincomam.org.br\/index.php\/wp-json\/wp\/v2\/users\/1527"}],"replies":[{"embeddable":true,"href":"https:\/\/www.sincomam.org.br\/index.php\/wp-json\/wp\/v2\/comments?post=43514"}],"version-history":[{"count":1,"href":"https:\/\/www.sincomam.org.br\/index.php\/wp-json\/wp\/v2\/posts\/43514\/revisions"}],"predecessor-version":[{"id":43516,"href":"https:\/\/www.sincomam.org.br\/index.php\/wp-json\/wp\/v2\/posts\/43514\/revisions\/43516"}],"wp:featuredmedia":[{"embeddable":true,"href":"https:\/\/www.sincomam.org.br\/index.php\/wp-json\/wp\/v2\/media\/43515"}],"wp:attachment":[{"href":"https:\/\/www.sincomam.org.br\/index.php\/wp-json\/wp\/v2\/media?parent=43514"}],"wp:term":[{"taxonomy":"category","embeddable":true,"href":"https:\/\/www.sincomam.org.br\/index.php\/wp-json\/wp\/v2\/categories?post=43514"},{"taxonomy":"post_tag","embeddable":true,"href":"https:\/\/www.sincomam.org.br\/index.php\/wp-json\/wp\/v2\/tags?post=43514"}],"curies":[{"name":"wp","href":"https:\/\/api.w.org\/{rel}","templated":true}]}}