{"id":43504,"date":"2023-01-25T13:30:06","date_gmt":"2023-01-25T16:30:06","guid":{"rendered":"http:\/\/www.sincomam.org.br\/?p=43504"},"modified":"2023-01-25T13:21:56","modified_gmt":"2023-01-25T16:21:56","slug":"sincomam-participa-de-reuniao-das-centrais-sindicais-com-presidente-lula","status":"publish","type":"post","link":"https:\/\/www.sincomam.org.br\/index.php\/sincomam-participa-de-reuniao-das-centrais-sindicais-com-presidente-lula\/","title":{"rendered":"SINCOMAM participa de reuni\u00e3o das centrais sindicais com presidente Lula"},"content":{"rendered":"<p>O presidente Luiz In\u00e1cio Lula da Silva se reuniu na \u00faltima quarta-feira, dia 18 de janeiro, com as centrais sindicais. O encontro, realizado no Pal\u00e1cio do Planalto, em Bras\u00edlia, foi acompanhado de dirigentes de diversas entidades sindicais, entre as quais o <strong>SINCOMAM<\/strong>, que esteve representado pelo Diretor Presidente <strong>ALCIR DA COSTA ALBERNOZ<\/strong>.<br \/>\nNa reuni\u00e3o, todas as centrais sindicais tiveram momento de fala e apresentaram v\u00e1rias quest\u00f5es \u00e0s demandas da classe trabalhadora: financiamento sindical, igualdade de g\u00eanero e ra\u00e7a nos ambientes de trabalho e equipara\u00e7\u00e3o salarial, melhores condi\u00e7\u00f5es de trabalho para o conjunto da classe trabalhadora, valoriza\u00e7\u00e3o real do sal\u00e1rio m\u00ednimo, liberdade sindical, enfrentamento de atos antissindicais, a valoriza\u00e7\u00e3o da negocia\u00e7\u00e3o coletiva e at\u00e9 mesmo \u201crevoga\u00e7o\u201d da reforma trabalhista.<br \/>\nEm sua fala, <strong>ALCIR DA COSTA ALBERNOZ<\/strong>, condenou as pr\u00e1ticas antissindicais, denunciou as demiss\u00f5es e persegui\u00e7\u00f5es contra a classe trabalhadora.<br \/>\n\u201cEntendemos que somente a mobiliza\u00e7\u00e3o sindical \u00e9 capaz de promover as mudan\u00e7as necess\u00e1rias. E, por isso, precisamos de liberdade para lutar, para nos organizar e para ter sindicatos aut\u00f4nomos\u201d, concluiu <strong>ALBERNOZ<\/strong>.<br \/>\nDurante o encontro, o presidente da Rep\u00fablica, Luiz In\u00e1cio Lula da Silva, anunciou a cria\u00e7\u00e3o de um grupo de discuss\u00e3o para tratar de uma pol\u00edtica permanente de valoriza\u00e7\u00e3o do sal\u00e1rio m\u00ednimo. Atualmente, o sal\u00e1rio m\u00ednimo \u00e9 de R$ 1.302. O valor foi estabelecido por uma medida provis\u00f3ria editada pelo presidente Jair Bolsonaro em dezembro do ano passado.<br \/>\nO governo ainda n\u00e3o implantou o valor prometido durante a transi\u00e7\u00e3o, que seria de R$ 1.320. O tema deve ser discutido por esse grupo, e n\u00e3o h\u00e1 data anunciada para a ado\u00e7\u00e3o do novo valor.<br \/>\nSegundo o documento assinado na reuni\u00e3o, o governo ter\u00e1 prazo de 45 dias, renov\u00e1vel por mais 45, para formular uma proposta permanente de valoriza\u00e7\u00e3o do sal\u00e1rio m\u00ednimo.<br \/>\nParticipar\u00e3o da elabora\u00e7\u00e3o os minist\u00e9rios de Trabalho e Emprego; Fazenda; Planejamento e Or\u00e7amento; Previd\u00eancia Social; Desenvolvimento, Ind\u00fastria e Com\u00e9rcio; Secretaria-Geral da Presid\u00eancia e Casa Civil.<br \/>\nO ministro do Trabalho e Emprego, Luiz Marinho, afirmou que a proposta dever\u00e1 respeitar a &#8220;previsibilidade&#8221; da economia.<br \/>\nEm seu discurso, Lula retomou um dos compromissos firmados durante a campanha: o de propor uma nova estrutura de financiamento para os sindicatos e novas regras trabalhistas que levem em conta o cen\u00e1rio atual do mercado.<\/p>\n","protected":false},"excerpt":{"rendered":"<p>O presidente Luiz In\u00e1cio Lula da Silva se reuniu na \u00faltima quarta-feira, dia 18 de janeiro, com as centrais sindicais. O encontro, realizado no Pal\u00e1cio&#8230;<\/p>\n","protected":false},"author":1527,"featured_media":43505,"comment_status":"closed","ping_status":"closed","sticky":false,"template":"","format":"standard","meta":{"footnotes":""},"categories":[6],"tags":[],"class_list":["post-43504","post","type-post","status-publish","format-standard","has-post-thumbnail","hentry","category-noticias"],"_links":{"self":[{"href":"https:\/\/www.sincomam.org.br\/index.php\/wp-json\/wp\/v2\/posts\/43504","targetHints":{"allow":["GET"]}}],"collection":[{"href":"https:\/\/www.sincomam.org.br\/index.php\/wp-json\/wp\/v2\/posts"}],"about":[{"href":"https:\/\/www.sincomam.org.br\/index.php\/wp-json\/wp\/v2\/types\/post"}],"author":[{"embeddable":true,"href":"https:\/\/www.sincomam.org.br\/index.php\/wp-json\/wp\/v2\/users\/1527"}],"replies":[{"embeddable":true,"href":"https:\/\/www.sincomam.org.br\/index.php\/wp-json\/wp\/v2\/comments?post=43504"}],"version-history":[{"count":1,"href":"https:\/\/www.sincomam.org.br\/index.php\/wp-json\/wp\/v2\/posts\/43504\/revisions"}],"predecessor-version":[{"id":43506,"href":"https:\/\/www.sincomam.org.br\/index.php\/wp-json\/wp\/v2\/posts\/43504\/revisions\/43506"}],"wp:featuredmedia":[{"embeddable":true,"href":"https:\/\/www.sincomam.org.br\/index.php\/wp-json\/wp\/v2\/media\/43505"}],"wp:attachment":[{"href":"https:\/\/www.sincomam.org.br\/index.php\/wp-json\/wp\/v2\/media?parent=43504"}],"wp:term":[{"taxonomy":"category","embeddable":true,"href":"https:\/\/www.sincomam.org.br\/index.php\/wp-json\/wp\/v2\/categories?post=43504"},{"taxonomy":"post_tag","embeddable":true,"href":"https:\/\/www.sincomam.org.br\/index.php\/wp-json\/wp\/v2\/tags?post=43504"}],"curies":[{"name":"wp","href":"https:\/\/api.w.org\/{rel}","templated":true}]}}