{"id":43501,"date":"2023-01-23T02:37:17","date_gmt":"2023-01-23T05:37:17","guid":{"rendered":"http:\/\/www.sincomam.org.br\/?p=43501"},"modified":"2023-01-23T02:37:17","modified_gmt":"2023-01-23T05:37:17","slug":"saude-recebe-50-mil-doses-de-antiviral-para-tratamento-contra-covid","status":"publish","type":"post","link":"https:\/\/www.sincomam.org.br\/index.php\/saude-recebe-50-mil-doses-de-antiviral-para-tratamento-contra-covid\/","title":{"rendered":"Sa\u00fade recebe 50 mil doses de antiviral para tratamento contra covid"},"content":{"rendered":"<p>O Minist\u00e9rio da Sa\u00fade recebeu, ontem (19), o segundo lote com 50 mil doses de medicamento para o tratamento contra a covid-19. O antiviral produzido pela Pfizer \u00e9 formado pelos comprimidos nirmatrelvir e ritonavir.<img decoding=\"async\" src=\"https:\/\/agenciabrasil.ebc.com.br\/ebc.png?id=1505317&amp;o=node\" \/><img decoding=\"async\" src=\"https:\/\/agenciabrasil.ebc.com.br\/ebc.gif?id=1505317&amp;o=node\" \/><\/p>\n<p>Segundo o Minist\u00e9rio da Sa\u00fade, a distribui\u00e7\u00e3o \u00e9 feita ap\u00f3s a solicita\u00e7\u00e3o dos estados e Distrito Federal. Os 50 mil antivirais do primeiro lote foram recebidos pelo Sistema \u00danico de Sa\u00fade (SUS) no ano passado e j\u00e1 foram distribu\u00eddos.<\/p>\n<p>Esse \u00e9 o primeiro tratamento incorporado ao SUS para pacientes com 18 anos de idade ou mais, com diagn\u00f3stico confirmado de covid-19, com sintomas leves a moderados, que t\u00eam alto risco de complica\u00e7\u00f5es pela doen\u00e7a (imunocomprometidos) e que n\u00e3o requerem oxig\u00eanio suplementar.<\/p>\n<p>Para pacientes com 65 anos de idade ou mais, ele deve ser administrado em at\u00e9 5 dias do in\u00edcio dos sintomas. A indica\u00e7\u00e3o do tratamento independe do status vacinal.<\/p>\n<p>\u201cO Minist\u00e9rio da Sa\u00fade refor\u00e7a que o medicamento n\u00e3o previne a doen\u00e7a e a melhor forma de evit\u00e1-la \u00e9 por meio da vacina\u00e7\u00e3o, inclusive com as doses de refor\u00e7o. Procure a unidade de sa\u00fade mais pr\u00f3xima e complemente a imuniza\u00e7\u00e3o\u201d, alertou a pasta.<\/p>\n<p>Fonte: Portos e Navios<\/p>\n","protected":false},"excerpt":{"rendered":"<p>O Minist\u00e9rio da Sa\u00fade recebeu, ontem (19), o segundo lote com 50 mil doses de medicamento para o tratamento contra a covid-19. O antiviral produzido&#8230;<\/p>\n","protected":false},"author":1527,"featured_media":43502,"comment_status":"closed","ping_status":"closed","sticky":false,"template":"","format":"standard","meta":{"footnotes":""},"categories":[6],"tags":[],"class_list":["post-43501","post","type-post","status-publish","format-standard","has-post-thumbnail","hentry","category-noticias"],"_links":{"self":[{"href":"https:\/\/www.sincomam.org.br\/index.php\/wp-json\/wp\/v2\/posts\/43501","targetHints":{"allow":["GET"]}}],"collection":[{"href":"https:\/\/www.sincomam.org.br\/index.php\/wp-json\/wp\/v2\/posts"}],"about":[{"href":"https:\/\/www.sincomam.org.br\/index.php\/wp-json\/wp\/v2\/types\/post"}],"author":[{"embeddable":true,"href":"https:\/\/www.sincomam.org.br\/index.php\/wp-json\/wp\/v2\/users\/1527"}],"replies":[{"embeddable":true,"href":"https:\/\/www.sincomam.org.br\/index.php\/wp-json\/wp\/v2\/comments?post=43501"}],"version-history":[{"count":1,"href":"https:\/\/www.sincomam.org.br\/index.php\/wp-json\/wp\/v2\/posts\/43501\/revisions"}],"predecessor-version":[{"id":43503,"href":"https:\/\/www.sincomam.org.br\/index.php\/wp-json\/wp\/v2\/posts\/43501\/revisions\/43503"}],"wp:featuredmedia":[{"embeddable":true,"href":"https:\/\/www.sincomam.org.br\/index.php\/wp-json\/wp\/v2\/media\/43502"}],"wp:attachment":[{"href":"https:\/\/www.sincomam.org.br\/index.php\/wp-json\/wp\/v2\/media?parent=43501"}],"wp:term":[{"taxonomy":"category","embeddable":true,"href":"https:\/\/www.sincomam.org.br\/index.php\/wp-json\/wp\/v2\/categories?post=43501"},{"taxonomy":"post_tag","embeddable":true,"href":"https:\/\/www.sincomam.org.br\/index.php\/wp-json\/wp\/v2\/tags?post=43501"}],"curies":[{"name":"wp","href":"https:\/\/api.w.org\/{rel}","templated":true}]}}