{"id":43473,"date":"2023-01-19T00:59:09","date_gmt":"2023-01-19T03:59:09","guid":{"rendered":"http:\/\/www.sincomam.org.br\/?p=43473"},"modified":"2023-01-19T00:59:09","modified_gmt":"2023-01-19T03:59:09","slug":"moraes-mantem-prisao-de-354-investigados-por-atos-antidemocraticos","status":"publish","type":"post","link":"https:\/\/www.sincomam.org.br\/index.php\/moraes-mantem-prisao-de-354-investigados-por-atos-antidemocraticos\/","title":{"rendered":"Moraes mant\u00e9m pris\u00e3o de 354 investigados por atos antidemocr\u00e1ticos"},"content":{"rendered":"<p>O ministro Alexandre de Moraes, do Supremo Tribunal Federal (STF), decidiu\u00a0 manter a pris\u00e3o preventiva de 354 acusados de participar dos atos antidemocr\u00e1ticos de 8 de janeiro. O ministro tamb\u00e9m decidiu colocar 220 investigados em liberdade, mediante medidas cautelares. <img decoding=\"async\" src=\"https:\/\/agenciabrasil.ebc.com.br\/ebc.png?id=1505051&amp;o=node\" \/><img decoding=\"async\" src=\"https:\/\/agenciabrasil.ebc.com.br\/ebc.gif?id=1505051&amp;o=node\" \/><\/p>\n<p>Ao transformar a pris\u00e3o tempor\u00e1ria dos acusados em preventiva, por tempo indeterminado, o ministro entendeu que as pris\u00f5es s\u00e3o necess\u00e1rias para garantir a ordem p\u00fablica e a efetividade das investiga\u00e7\u00f5es.<\/p>\n<p>Moraes considerou que os acusados tentaram impedir o funcionamento dos poderes constitucionais constitu\u00eddos por meio de viol\u00eancia e grave amea\u00e7a.<\/p>\n<p>Os investigados que ser\u00e3o soltos dever\u00e3o colocar tornozeleira eletr\u00f4nica, est\u00e3o proibidos de sair de suas cidades e de usar redes sociais. Al\u00e9m disso, eles ter\u00e3o os passaportes cancelados e<br \/>\nos documentos de posse de arma suspensos.<\/p>\n<p>Ap\u00f3s as pris\u00f5es realizadas em 8 de janeiro, Alexandre de Moraes delegou as audi\u00eancias de cust\u00f3dia para ju\u00edzes federais e do Tribunal de Justi\u00e7a do DF. As informa\u00e7\u00f5es sobre os presos s\u00e3o centralizadas no Conselho Nacional de Justi\u00e7a (CNJ) e remetidas ao ministro, a quem cabe decidir sobre a manuten\u00e7\u00e3o das pris\u00f5es.<\/p>\n<p>Cerca de 1,4 mil pessoas foram presas ap\u00f3s os atos. A an\u00e1lise das pris\u00f5es pelo ministro vai at\u00e9 sexta-feira (20).<\/p>\n<p>Fonte: Ag\u00eancia Brasil<\/p>\n","protected":false},"excerpt":{"rendered":"<p>O ministro Alexandre de Moraes, do Supremo Tribunal Federal (STF), decidiu\u00a0 manter a pris\u00e3o preventiva de 354 acusados de participar dos atos antidemocr\u00e1ticos de 8&#8230;<\/p>\n","protected":false},"author":1527,"featured_media":43474,"comment_status":"closed","ping_status":"closed","sticky":false,"template":"","format":"standard","meta":{"footnotes":""},"categories":[6],"tags":[],"class_list":["post-43473","post","type-post","status-publish","format-standard","has-post-thumbnail","hentry","category-noticias"],"_links":{"self":[{"href":"https:\/\/www.sincomam.org.br\/index.php\/wp-json\/wp\/v2\/posts\/43473","targetHints":{"allow":["GET"]}}],"collection":[{"href":"https:\/\/www.sincomam.org.br\/index.php\/wp-json\/wp\/v2\/posts"}],"about":[{"href":"https:\/\/www.sincomam.org.br\/index.php\/wp-json\/wp\/v2\/types\/post"}],"author":[{"embeddable":true,"href":"https:\/\/www.sincomam.org.br\/index.php\/wp-json\/wp\/v2\/users\/1527"}],"replies":[{"embeddable":true,"href":"https:\/\/www.sincomam.org.br\/index.php\/wp-json\/wp\/v2\/comments?post=43473"}],"version-history":[{"count":1,"href":"https:\/\/www.sincomam.org.br\/index.php\/wp-json\/wp\/v2\/posts\/43473\/revisions"}],"predecessor-version":[{"id":43475,"href":"https:\/\/www.sincomam.org.br\/index.php\/wp-json\/wp\/v2\/posts\/43473\/revisions\/43475"}],"wp:featuredmedia":[{"embeddable":true,"href":"https:\/\/www.sincomam.org.br\/index.php\/wp-json\/wp\/v2\/media\/43474"}],"wp:attachment":[{"href":"https:\/\/www.sincomam.org.br\/index.php\/wp-json\/wp\/v2\/media?parent=43473"}],"wp:term":[{"taxonomy":"category","embeddable":true,"href":"https:\/\/www.sincomam.org.br\/index.php\/wp-json\/wp\/v2\/categories?post=43473"},{"taxonomy":"post_tag","embeddable":true,"href":"https:\/\/www.sincomam.org.br\/index.php\/wp-json\/wp\/v2\/tags?post=43473"}],"curies":[{"name":"wp","href":"https:\/\/api.w.org\/{rel}","templated":true}]}}