{"id":43471,"date":"2023-01-19T01:00:34","date_gmt":"2023-01-19T04:00:34","guid":{"rendered":"http:\/\/www.sincomam.org.br\/?p=43471"},"modified":"2023-01-19T00:08:22","modified_gmt":"2023-01-19T03:08:22","slug":"ministro-diz-que-por-enquanto-salario-ficara-em-r-1-302","status":"publish","type":"post","link":"https:\/\/www.sincomam.org.br\/index.php\/ministro-diz-que-por-enquanto-salario-ficara-em-r-1-302\/","title":{"rendered":"Ministro diz que por enquanto sal\u00e1rio ficar\u00e1 em R$ 1.302"},"content":{"rendered":"<p>Luiz Marinho, ministro do Trabalho, disse\u00a0 que se houver reajuste no sal\u00e1rio m\u00ednimo, ser\u00e1 apenas em maio. Por enquanto o valor ficar\u00e1 em R$ 1.302. Marinho teve um encontro com o presidente Luiz In\u00e1cio Lula da Silva (PT) e tamb\u00e9m com representantes de centrais sindicais para discutir o valor do piso nacional.<\/p>\n<p>Durante o encontro, Lula aproveitou para anunciar a cria\u00e7\u00e3o de um grupo que dever\u00e1 elaborar uma pol\u00edtica permanente de valoriza\u00e7\u00e3o do sal\u00e1rio m\u00ednimo. Ele afirmou que o grupo tem 45 dias, prorrog\u00e1vel por mais 45 dias, para apresentar uma proposta.<\/p>\n<h2 id=\"h-salario-minimo\">Sal\u00e1rio m\u00ednimo<\/h2>\n<p>O sal\u00e1rio m\u00ednimo foi criado e adotado inicialmente no s\u00e9culo XIX, na Austr\u00e1lia e na Nova Zel\u00e2ndia. No Brasil, surgiu no s\u00e9culo XX, na d\u00e9cada de 30. Criado pela Lei n\u00ba 185, em janeiro de 1936, sendo regulamentado pelo Decreto Lei n\u00ba 399, de abril de 1938.<\/p>\n<p>Coube ao presidente Get\u00falio Vargas fixar, por meio do Decreto Lei n\u00ba 2162, os valores que come\u00e7aram a vigorar em 8 de julho do mesmo ano. At\u00e9 ent\u00e3o, existia 14 sal\u00e1rios m\u00ednimos diferentes, sendo que na capital do pa\u00eds (que antes era o Rio de Janeiro), o valor correspondia a quase tr\u00eas vezes o do Nordeste.<\/p>\n<p>A unifica\u00e7\u00e3o total s\u00f3 veio a acontecer em 1984. O que ficou definitivamente sacramentado na Constitui\u00e7\u00e3o Federal de 1988.<\/p>\n<p>De acordo com a Constitui\u00e7\u00e3o, o sal\u00e1rio m\u00ednimo deve cobrir todas as necessidades do trabalhador e de sua fam\u00edlia, ser unificado em todo o territ\u00f3rio nacional e reajustado periodicamente para garantir seu poder aquisitivo.<\/p>\n<h2>Como o sal\u00e1rio m\u00ednimo era reajustado antes?<\/h2>\n<p>O aumento real do sal\u00e1rio m\u00ednimo ocorre quando o reajuste oferece ganho acima da infla\u00e7\u00e3o. Do primeiro governo Lula at\u00e9 o governo de Michel Temer, o sal\u00e1rio era corrigido por um c\u00e1lculo que considerava a infla\u00e7\u00e3o do ano anterior mais o crescimento m\u00e9dio do PIB nos \u00faltimos dois anos.<\/p>\n<p>Por\u00e9m, a presidente Dilma Rousseff, em 2011, transformou a regra em lei e instituiu uma pol\u00edtica de valoriza\u00e7\u00e3o do piso at\u00e9 2014.<\/p>\n<p>Ela repetiu a iniciativa em 2015 e estendeu a medida at\u00e9 2019. No governo de Jair Bolsonaro, em 2019, foi avaliado que o reajuste real prejudicaria as contas p\u00fablicas.\u00a0A partir da\u00ed, o reajuste passou a considerar apenas a infla\u00e7\u00e3o projetada naquela \u00e9poca, que ficou menor que o previsto.<\/p>\n<p>Fonte: Jornal Cont\u00e1bil<\/p>\n<div id=\"jorna-460480150\" class=\"jorna-amp-teads-depois-do-conteudo\"><\/div>\n<div id=\"jorna-108589593\" class=\"jorna-depois-do-conteudo_3\">\n<div id=\"taboola-below-article-thumbnails\" class=\" trc_related_container trc_spotlight_widget tbl-feed-container tbl-feed-frame-DIVIDER  render-late-effect\" data-feed-container-num=\"1\" data-feed-main-container-id=\"taboola-below-article-thumbnails\" data-parent-placement-name=\"Below Article Thumbnails\" data-pub-lang=\"pt\">\n<div class=\" tbl-feed-header tbl-logo-right-position\">\n<div class=\"tbl-feed-header-logo\"><\/div>\n<\/div>\n<\/div>\n<\/div>\n","protected":false},"excerpt":{"rendered":"<p>Luiz Marinho, ministro do Trabalho, disse\u00a0 que se houver reajuste no sal\u00e1rio m\u00ednimo, ser\u00e1 apenas em maio. Por enquanto o valor ficar\u00e1 em R$ 1.302&#8230;.<\/p>\n","protected":false},"author":1527,"featured_media":43380,"comment_status":"closed","ping_status":"closed","sticky":false,"template":"","format":"standard","meta":{"footnotes":""},"categories":[6],"tags":[],"class_list":["post-43471","post","type-post","status-publish","format-standard","has-post-thumbnail","hentry","category-noticias"],"_links":{"self":[{"href":"https:\/\/www.sincomam.org.br\/index.php\/wp-json\/wp\/v2\/posts\/43471","targetHints":{"allow":["GET"]}}],"collection":[{"href":"https:\/\/www.sincomam.org.br\/index.php\/wp-json\/wp\/v2\/posts"}],"about":[{"href":"https:\/\/www.sincomam.org.br\/index.php\/wp-json\/wp\/v2\/types\/post"}],"author":[{"embeddable":true,"href":"https:\/\/www.sincomam.org.br\/index.php\/wp-json\/wp\/v2\/users\/1527"}],"replies":[{"embeddable":true,"href":"https:\/\/www.sincomam.org.br\/index.php\/wp-json\/wp\/v2\/comments?post=43471"}],"version-history":[{"count":1,"href":"https:\/\/www.sincomam.org.br\/index.php\/wp-json\/wp\/v2\/posts\/43471\/revisions"}],"predecessor-version":[{"id":43472,"href":"https:\/\/www.sincomam.org.br\/index.php\/wp-json\/wp\/v2\/posts\/43471\/revisions\/43472"}],"wp:featuredmedia":[{"embeddable":true,"href":"https:\/\/www.sincomam.org.br\/index.php\/wp-json\/wp\/v2\/media\/43380"}],"wp:attachment":[{"href":"https:\/\/www.sincomam.org.br\/index.php\/wp-json\/wp\/v2\/media?parent=43471"}],"wp:term":[{"taxonomy":"category","embeddable":true,"href":"https:\/\/www.sincomam.org.br\/index.php\/wp-json\/wp\/v2\/categories?post=43471"},{"taxonomy":"post_tag","embeddable":true,"href":"https:\/\/www.sincomam.org.br\/index.php\/wp-json\/wp\/v2\/tags?post=43471"}],"curies":[{"name":"wp","href":"https:\/\/api.w.org\/{rel}","templated":true}]}}