{"id":43464,"date":"2023-01-19T05:20:16","date_gmt":"2023-01-19T08:20:16","guid":{"rendered":"http:\/\/www.sincomam.org.br\/?p=43464"},"modified":"2023-01-18T23:57:42","modified_gmt":"2023-01-19T02:57:42","slug":"mulheres-ingressam-pela-primeira-vez-como-marinheiras-de-carreira","status":"publish","type":"post","link":"https:\/\/www.sincomam.org.br\/index.php\/mulheres-ingressam-pela-primeira-vez-como-marinheiras-de-carreira\/","title":{"rendered":"Mulheres ingressam pela primeira vez como marinheiras de carreira"},"content":{"rendered":"<p class=\"rtejustify\">Felicidade, orgulho, sonhos realizados, emo\u00e7\u00f5es \u00e0 flor da pele. Essa \u00e9 a realidade das 48 jovens que far\u00e3o parte da primeira turma feminina do Corpo de Pra\u00e7as da Armada da Marinha do Brasil. Elas ingressaram, nessa segunda (16), na Escola de Aprendizes-Marinheiros de Santa Catarina (EAMSC), juntamente com 97 homens, totalizando 145 novos alunos.<\/p>\n<p class=\"rtejustify\">O Comandante da Escola de Aprendizes-Marinheiros de Santa Catarina, Capit\u00e3o de Fragata Andr\u00e9 Luiz Vilela de Assis, explica quais foram as principais mudan\u00e7as realizadas para receber as futuras alunas. \u201cEu e toda minha tripula\u00e7\u00e3o viemos nos preparando h\u00e1 quase um ano para que elas, as candidatas aprendizes, fossem recebidas com a melhor infraestrutura e apoio poss\u00edveis. Foram criados banheiros femininos no pr\u00e9dio principal e no laborat\u00f3rio de f\u00edsica e qu\u00edmica; o alojamento feminino que j\u00e1 existia foi redimensionado para receber as alunas, e todas as normas internas foram revisadas a fim de adequar a rotina da escola a essa nova realidade\u201d. O Comandante Luiz Vilela n\u00e3o esconde o orgulho em estar \u00e0 frente da escola em um momento t\u00e3o marcante. \u201c\u00c9 uma grande satisfa\u00e7\u00e3o profissional e pessoal para mim, como Comandante da EAMSC, fazer parte deste processo que ficar\u00e1\u00a0registrado na hist\u00f3ria da Marinha do Brasil\u201d, finalizou.<\/p>\n<p class=\"rtejustify\">A expectativa para o ingresso e, especialmente, sobre a carreira naval \u00e9 grande por parte das aprovadas e de seus pais. Marisa de Melo, moradora de Crici\u00fama e m\u00e3e das g\u00eameas Gabriela de Melo Gomes e Rafaela de Melo Gomes, aprovadas em 9\u00ba e 23\u00ba lugar, respectivamente, sente-se muito orgulhosa pela conquista das filhas, mas est\u00e1 com o cora\u00e7\u00e3o dividido.<\/p>\n<div>\n<p class=\"rtejustify\">\u201cMeu marido e eu estamos felizes e tristes ao mesmo tempo. \u00c9 uma mistura de emo\u00e7\u00f5es porque elas chegaram onde chegaram sozinhas, m\u00e9rito delas, e triste porque sabemos que criamos filhos para o mundo. Elas v\u00e3o bater asas e esperamos que o voo delas seja longo\u201d, conta Marisa.<\/p>\n<p class=\"rtejustify\">As irm\u00e3s s\u00e3o muito unidas, tomam decis\u00f5es juntas e quiseram at\u00e9 mesmo passar em um concurso p\u00fablico disputado (foram 4.530 inscritas para 48 vagas). Elas estavam no \u00faltimo ano do Ensino M\u00e9dio, com aulas pela manh\u00e3 e \u00e0 tarde, al\u00e9m de aulas de m\u00fasica e ingl\u00eas. Quando tinham tempo para descansar, n\u00e3o paravam, aproveitavam para treinar para o teste de aptid\u00e3o f\u00edsica e, especialmente, para imaginar como seria a carreira naval.<\/p>\n<p class=\"rtejustify\">\u201cTodos os dias, conversamos sobre a carreira porque sempre tem alguma curiosidade ou novidade para compartilhar. A ideia de conhecer o mundo com outros olhos e adquirir aprendizados que v\u00e3o te acompanhar para a vida toda \u00e9 algo muito motivador\u201d, destaca Rafaela Gomes.<\/p>\n<\/div>\n<p class=\"rtejustify\">Carolina Ramos Muros Gomes, de 21 anos, aprovada em 8\u00ba lugar, destaca a dedica\u00e7\u00e3o \u00e0 nova carreira, que em breve se iniciar\u00e1. \u201cMinhas expectativas s\u00e3o as melhores. Sei como funciona o militarismo, vou dar o meu melhor e vou tentar me destacar para ter uma boa carreira\u201d, conta ela.<\/p>\n<p class=\"rtejustify\">Fazer parte da Marinha n\u00e3o foi apenas a realiza\u00e7\u00e3o de um sonho de inf\u00e2ncia apoiado por seus pais e irm\u00e3o, mas tamb\u00e9m a concretiza\u00e7\u00e3o de querer fazer parte da primeira turma de mulheres em uma Escola de Aprendizes-Marinheiros. \u201c\u00c9 uma sensa\u00e7\u00e3o incr\u00edvel saber que sou da primeira turma de mulheres da EAM. Na verdade, eu j\u00e1 estava estudando com isso em mente, eu ficava pensando o tempo todo \u2018eu vou ser da primeira turma\u2019 e aconteceu!\u201d, comemora Carolina Ramos.<\/p>\n<p class=\"rtejustify\">A m\u00e3e de Carolina, Marta Ramos, conta que a expectativa \u00e9 grande para o ingresso da filha, especialmente porque \u00e9 um momento hist\u00f3rico. \u201cTodos n\u00f3s aqui estamos muito felizes por ela ter conseguido passar neste concurso e por ser a primeira vez que as mulheres v\u00e3o entrar na Marinha pela EAM. Por ser a primeira turma, \u00e9 um momento hist\u00f3rico. Todas est\u00e3o de parab\u00e9ns\u201d.<\/p>\n<p class=\"rtejustify\"><strong>Encontros virtuais\u00a0<\/strong><br \/>\nA expectativa para o ingresso tamb\u00e9m envolveu in\u00fameras conversas virtuais desde antes da lista final com o nome das vitoriosas. M\u00e3es e candidatas se conheceram no Centro de Educa\u00e7\u00e3o F\u00edsica Adalberto Nunes (CEFAN), na cidade do Rio de Janeiro (RJ), quando ocorreu o Teste de Aptid\u00e3o F\u00edsica. A partir dali, trocaram n\u00fameros e passaram a bater papo por aplicativo de mensagens, conta Silvana Mattos, m\u00e3e de Camilla Vit\u00f3ria de Mattos Cardoso, aprovada na 13\u00aa coloca\u00e7\u00e3o. \u201cTodo mundo se encontrou, come\u00e7amos a conversar pelo WhatsApp e ficamos todos juntinhos, montamos um grupo de ora\u00e7\u00e3o para quem quisesse participar e a cada etapa era um sofrimento. Estamos muito felizes com a aprova\u00e7\u00e3o delas\u201d, conta.<\/p>\n<p class=\"rtejustify\">O grupo virtual continua agitado. Fotos de comemora\u00e7\u00f5es em casa, v\u00eddeos na estrada rumo \u00e0 escola, no avi\u00e3o, em frente a EAMSC, no dia do ingresso, enfim, tudo ali compartilhado com quase 50 pessoas revela o quanto as fam\u00edlias est\u00e3o envolvidas. A conquista das candidatas e a torcida por elas ficam bem claras.<\/p>\n<p class=\"rtejustify\"><strong>N\u00fameros<\/strong><br \/>\nO Concurso de Admiss\u00e3o \u00e0s Escolas de Aprendizes-Marinheiros (CPAEAM) de 2022 ofereceu 686 vagas, sendo 48 para mulheres. Ao todo, foram 16.008 inscritos, sendo 4.530 mulheres. As classificadas ingressaram nesta segunda-feira, 16 de janeiro, na EAM de Santa Catarina e v\u00e3o passar pelo per\u00edodo de adapta\u00e7\u00e3o at\u00e9 dia 29 de janeiro. No dia 30, o Curso de Forma\u00e7\u00e3o para Marinheiros da Ativa (C-FMN) \u00e9 iniciado e termina ap\u00f3s 48 semanas.<\/p>\n<p class=\"rtejustify\">Tamb\u00e9m ingressaram alunos na Escola de Aprendizes-Marinheiros do Esp\u00edrito Santo (ES) e na Escola de Aprendizes-Marinheiros do Cear\u00e1 (CE).<\/p>\n<p class=\"rtejustify\">\nFonte: Ag\u00eancia Marinha de Not\u00edcias<\/p>\n","protected":false},"excerpt":{"rendered":"<p>Felicidade, orgulho, sonhos realizados, emo\u00e7\u00f5es \u00e0 flor da pele. Essa \u00e9 a realidade das 48 jovens que far\u00e3o parte da primeira turma feminina do Corpo&#8230;<\/p>\n","protected":false},"author":1527,"featured_media":43465,"comment_status":"closed","ping_status":"closed","sticky":false,"template":"","format":"standard","meta":{"footnotes":""},"categories":[6],"tags":[],"class_list":["post-43464","post","type-post","status-publish","format-standard","has-post-thumbnail","hentry","category-noticias"],"_links":{"self":[{"href":"https:\/\/www.sincomam.org.br\/index.php\/wp-json\/wp\/v2\/posts\/43464","targetHints":{"allow":["GET"]}}],"collection":[{"href":"https:\/\/www.sincomam.org.br\/index.php\/wp-json\/wp\/v2\/posts"}],"about":[{"href":"https:\/\/www.sincomam.org.br\/index.php\/wp-json\/wp\/v2\/types\/post"}],"author":[{"embeddable":true,"href":"https:\/\/www.sincomam.org.br\/index.php\/wp-json\/wp\/v2\/users\/1527"}],"replies":[{"embeddable":true,"href":"https:\/\/www.sincomam.org.br\/index.php\/wp-json\/wp\/v2\/comments?post=43464"}],"version-history":[{"count":1,"href":"https:\/\/www.sincomam.org.br\/index.php\/wp-json\/wp\/v2\/posts\/43464\/revisions"}],"predecessor-version":[{"id":43466,"href":"https:\/\/www.sincomam.org.br\/index.php\/wp-json\/wp\/v2\/posts\/43464\/revisions\/43466"}],"wp:featuredmedia":[{"embeddable":true,"href":"https:\/\/www.sincomam.org.br\/index.php\/wp-json\/wp\/v2\/media\/43465"}],"wp:attachment":[{"href":"https:\/\/www.sincomam.org.br\/index.php\/wp-json\/wp\/v2\/media?parent=43464"}],"wp:term":[{"taxonomy":"category","embeddable":true,"href":"https:\/\/www.sincomam.org.br\/index.php\/wp-json\/wp\/v2\/categories?post=43464"},{"taxonomy":"post_tag","embeddable":true,"href":"https:\/\/www.sincomam.org.br\/index.php\/wp-json\/wp\/v2\/tags?post=43464"}],"curies":[{"name":"wp","href":"https:\/\/api.w.org\/{rel}","templated":true}]}}