{"id":43448,"date":"2023-01-18T07:32:47","date_gmt":"2023-01-18T10:32:47","guid":{"rendered":"http:\/\/www.sincomam.org.br\/?p=43448"},"modified":"2023-01-18T07:32:47","modified_gmt":"2023-01-18T10:32:47","slug":"licitacoes-da-antaq-resultam-na-assinatura-de-10-novos-contratos-de-arrendamento-portuario-em-2022","status":"publish","type":"post","link":"https:\/\/www.sincomam.org.br\/index.php\/licitacoes-da-antaq-resultam-na-assinatura-de-10-novos-contratos-de-arrendamento-portuario-em-2022\/","title":{"rendered":"LICITA\u00c7\u00d5ES DA ANTAQ RESULTAM NA ASSINATURA DE 10 NOVOS CONTRATOS DE ARRENDAMENTO PORTU\u00c1RIO EM 2022"},"content":{"rendered":"<p>A Ag\u00eancia Nacional de Transportes Aquavi\u00e1rios (ANTAQ) contribuiu para a celebra\u00e7\u00e3o de 10 novos contratos de arrendamento em 2022. Os dados s\u00e3o do Painel de Indicadores de Portos Organizados da Superintend\u00eancia de Outorgas.<\/p>\n<p>A quantidade anual de contratos de arrendamentos assinados \u00e9 a segunda maior nos \u00faltimos 20 anos. O pico de contrata\u00e7\u00f5es no per\u00edodo foi observado em 2019, quando foram celebrados 12 novos contratos de arrendamento.<\/p>\n<p>Dentre todas as celebra\u00e7\u00f5es feitas ao longo de 20220, o destaque fica para o Porto de Santos (SP), onde foram firmados dois novos contratos, dentre eles o maior arrendamento portu\u00e1rio dos \u00faltimos 20 anos: o STS08A, cujo leil\u00e3o recebeu lance de mais de R$550 milh\u00f5es.<\/p>\n<p>O edital prev\u00ea R$ 678,3 milh\u00f5es de investimentos voltados para ampliar a capacidade de armazenamento, com 25 anos de concess\u00e3o. A \u00e1rea, com quase 298.000 metros quadrados, ser\u00e1 destinada \u00e0 movimenta\u00e7\u00e3o, armazenagem e distribui\u00e7\u00e3o de gran\u00e9is l\u00edquidos.<\/p>\n<p>Confira todas as informa\u00e7\u00f5es no\u00a0<a class=\"external-link\" title=\"\" href=\"http:\/\/www.gov.br\/antaq\/pt-br\/acesso-a-informacao\/institucional\/reunioes-deliberativas\/copy_of_Pautaexternada536ROD.pdf\" target=\"_self\" rel=\"noopener\" data-tippreview-enabled=\"false\" data-tippreview-image=\"\" data-tippreview-title=\"\">Painel de Indicadores de Portos Organizados<\/a>\u00a0da ANTAQ.<\/p>\n<p>Fonte: Informativo dos Portos<\/p>\n<p>&nbsp;<\/p>\n","protected":false},"excerpt":{"rendered":"<p>A Ag\u00eancia Nacional de Transportes Aquavi\u00e1rios (ANTAQ) contribuiu para a celebra\u00e7\u00e3o de 10 novos contratos de arrendamento em 2022. Os dados s\u00e3o do Painel de&#8230;<\/p>\n","protected":false},"author":1527,"featured_media":43449,"comment_status":"closed","ping_status":"closed","sticky":false,"template":"","format":"standard","meta":{"footnotes":""},"categories":[6],"tags":[],"class_list":["post-43448","post","type-post","status-publish","format-standard","has-post-thumbnail","hentry","category-noticias"],"_links":{"self":[{"href":"https:\/\/www.sincomam.org.br\/index.php\/wp-json\/wp\/v2\/posts\/43448","targetHints":{"allow":["GET"]}}],"collection":[{"href":"https:\/\/www.sincomam.org.br\/index.php\/wp-json\/wp\/v2\/posts"}],"about":[{"href":"https:\/\/www.sincomam.org.br\/index.php\/wp-json\/wp\/v2\/types\/post"}],"author":[{"embeddable":true,"href":"https:\/\/www.sincomam.org.br\/index.php\/wp-json\/wp\/v2\/users\/1527"}],"replies":[{"embeddable":true,"href":"https:\/\/www.sincomam.org.br\/index.php\/wp-json\/wp\/v2\/comments?post=43448"}],"version-history":[{"count":1,"href":"https:\/\/www.sincomam.org.br\/index.php\/wp-json\/wp\/v2\/posts\/43448\/revisions"}],"predecessor-version":[{"id":43450,"href":"https:\/\/www.sincomam.org.br\/index.php\/wp-json\/wp\/v2\/posts\/43448\/revisions\/43450"}],"wp:featuredmedia":[{"embeddable":true,"href":"https:\/\/www.sincomam.org.br\/index.php\/wp-json\/wp\/v2\/media\/43449"}],"wp:attachment":[{"href":"https:\/\/www.sincomam.org.br\/index.php\/wp-json\/wp\/v2\/media?parent=43448"}],"wp:term":[{"taxonomy":"category","embeddable":true,"href":"https:\/\/www.sincomam.org.br\/index.php\/wp-json\/wp\/v2\/categories?post=43448"},{"taxonomy":"post_tag","embeddable":true,"href":"https:\/\/www.sincomam.org.br\/index.php\/wp-json\/wp\/v2\/tags?post=43448"}],"curies":[{"name":"wp","href":"https:\/\/api.w.org\/{rel}","templated":true}]}}