{"id":43430,"date":"2023-01-17T07:42:36","date_gmt":"2023-01-17T10:42:36","guid":{"rendered":"http:\/\/www.sincomam.org.br\/?p=43430"},"modified":"2023-01-17T07:47:09","modified_gmt":"2023-01-17T10:47:09","slug":"43430","status":"publish","type":"post","link":"https:\/\/www.sincomam.org.br\/index.php\/43430\/","title":{"rendered":"Como n\u00e3o cair na malha fina do Imposto de Renda 2023?"},"content":{"rendered":"<p>O Imposto de Renda (IR) de 2023 est\u00e1 previsto para o in\u00edcio de mar\u00e7o, ou seja, faltam menos de 2 meses para esta obriga\u00e7\u00e3o e \u00e9 o momento de se organizar para n\u00e3o cair na malha fina.<\/p>\n<p>Em 2022 mais de 36 milh\u00f5es de contribuintes realizaram o envio de IR, com a falta de atualiza\u00e7\u00e3o da faixa de isen\u00e7\u00e3o, tudo indica que esse n\u00famero deve aumentar este ano.<\/p>\n<h3 id=\"h-quem-deve-declarar-o-imposto-de-renda-em-2023\">Quem deve declarar o Imposto de Renda em 2023?<\/h3>\n<p>As regras para o Imposto de Renda deste ano ainda n\u00e3o foram divulgadas, mas tudo indica que n\u00e3o v\u00e3o acontecer grandes mudan\u00e7as.<\/p>\n<p>Os contribuintes obrigados a enviar o IR em 2023 s\u00e3o os seguintes:<\/p>\n<ul>\n<li>\u00a0Recebeu rendimentos tribut\u00e1veis, sujeitos ao ajuste na declara\u00e7\u00e3o, cuja soma foi superior a R$ 28.559,70;<\/li>\n<\/ul>\n<ul>\n<li>\u00a0Recebeu rendimentos isentos, n\u00e3o tribut\u00e1veis ou tributados exclusivamente na fonte, cuja soma foi superior a R$ 40.000,00;<\/li>\n<\/ul>\n<ul>\n<li>\u00a0Quem obteve, em qualquer m\u00eas, ganho de capital na aliena\u00e7\u00e3o de bens ou direitos sujeito \u00e0 incid\u00eancia do Imposto, ou realizou opera\u00e7\u00f5es em bolsas de valores, de mercadorias, de futuros e assemelhadas deve declarar o imposto de renda em 2023;<\/li>\n<\/ul>\n<ul>\n<li>\u00a0Relativamente \u00e0 atividade rural:<\/li>\n<\/ul>\n<ul>\n<li>Obteve receita bruta em valor superior a R$ 142.798,50; ou<\/li>\n<\/ul>\n<ul>\n<li>\u00a0Pretenda compensar, no ano-calend\u00e1rio de 2021 ou posteriores, preju\u00edzos de anos-calend\u00e1rio anteriores ou do pr\u00f3prio ano-calend\u00e1rio de 2021;<\/li>\n<\/ul>\n<ul>\n<li>\u00a0Teve, em 31 de dezembro, a posse ou a propriedade de bens ou direitos, inclusive terra nua, de valor total superior a R$ 300.000,00 deve declarar o imposto de renda em 2023;<\/li>\n<\/ul>\n<ul>\n<li>\u00a0Passou \u00e0 condi\u00e7\u00e3o de residente no Brasil em qualquer m\u00eas e nesta condi\u00e7\u00e3o encontrava-se em 31 de dezembro de 2022; ou<\/li>\n<\/ul>\n<ul>\n<li>\u00a0Optou pela isen\u00e7\u00e3o do Imposto de Renda incidente sobre o ganho de capital auferido na venda de im\u00f3veis residenciais, caso o produto da venda seja aplicado na aquisi\u00e7\u00e3o de im\u00f3veis residenciais localizados no Pa\u00eds, no prazo de 180 dias, contado da celebra\u00e7\u00e3o do contrato de venda deve declarar o Imposto de Renda de 2023.<\/li>\n<\/ul>\n<h3 id=\"h-o-que-e-a-malha-fina\">O que \u00e9 a malha fina?<\/h3>\n<p>Se voc\u00ea conferiu nossa lista acima e viu que est\u00e1 obrigado a declarar o Imposto de Renda de 2023, \u00e9 preciso come\u00e7ar a se organizar para n\u00e3o cair na malha fina.<\/p>\n<p>A malha fina da Receita Federal \u00e9 quando o contribuinte envia a sua declara\u00e7\u00e3o e nela \u00e9 encontrada alguma inconsist\u00eancia.<\/p>\n<p>Ou seja, se voc\u00ea enviar sua declara\u00e7\u00e3o do Imposto de Renda em 2023 e for encontrada alguma diferen\u00e7a entre as suas informa\u00e7\u00f5es e as informa\u00e7\u00f5es do banco de dados da Receita, o seu IR ser\u00e1 separado para uma an\u00e1lise mais profunda, a Malha Fiscal (conhecida como \u201cmalha fina\u201d).<\/p>\n<p>Voc\u00ea n\u00e3o receber\u00e1 a sua restitui\u00e7\u00e3o enquanto a sua declara\u00e7\u00e3o estiver em Malha Fiscal.<\/p>\n<h3 id=\"h-como-nao-cair-na-malha-fina-do-ir-2023\">Como n\u00e3o cair na malha fina do IR 2023?<\/h3>\n<p>Veja nossas dicas para n\u00e3o\u00a0 cair na malha fina do Imposto de Renda em 2023:<\/p>\n<ul>\n<li><strong>Revise suas informa\u00e7\u00f5es<\/strong><\/li>\n<\/ul>\n<p>Antes de realizar o envio da sua declara\u00e7\u00e3o, revise tudo que foi declarado e confira quantas vezes forem necess\u00e1rias.<\/p>\n<ul>\n<li><strong>Confira sua documenta\u00e7\u00e3o<\/strong><\/li>\n<\/ul>\n<p>Veja com calma quais documentos ser\u00e3o precisos para realizar o envio do Imposto de Renda em 2023 e separe todos com calma.<\/p>\n<p>Junte todos os documentos necess\u00e1rios, documenta\u00e7\u00e3o pessoal sua e dos seus dependentes, comprovantes de rendimento, enfim, tudo que for preciso.<\/p>\n<ul>\n<li><strong>Se atente aos seus dependentes<\/strong><\/li>\n<\/ul>\n<p>Preste aten\u00e7\u00e3o ao realizar a declara\u00e7\u00e3o dos seus familiares como seus dependentes, se um dos seus dependentes for inclu\u00eddo em mais de uma declara\u00e7\u00e3o, seu Imposto de Renda 2023 vai cair na malha fina.<\/p>\n<p>Fonte: Jornal Cont\u00e1bil<\/p>\n","protected":false},"excerpt":{"rendered":"<p>O Imposto de Renda (IR) de 2023 est\u00e1 previsto para o in\u00edcio de mar\u00e7o, ou seja, faltam menos de 2 meses para esta obriga\u00e7\u00e3o e&#8230;<\/p>\n","protected":false},"author":1527,"featured_media":39452,"comment_status":"closed","ping_status":"closed","sticky":false,"template":"","format":"standard","meta":{"footnotes":""},"categories":[6],"tags":[],"class_list":["post-43430","post","type-post","status-publish","format-standard","has-post-thumbnail","hentry","category-noticias"],"_links":{"self":[{"href":"https:\/\/www.sincomam.org.br\/index.php\/wp-json\/wp\/v2\/posts\/43430","targetHints":{"allow":["GET"]}}],"collection":[{"href":"https:\/\/www.sincomam.org.br\/index.php\/wp-json\/wp\/v2\/posts"}],"about":[{"href":"https:\/\/www.sincomam.org.br\/index.php\/wp-json\/wp\/v2\/types\/post"}],"author":[{"embeddable":true,"href":"https:\/\/www.sincomam.org.br\/index.php\/wp-json\/wp\/v2\/users\/1527"}],"replies":[{"embeddable":true,"href":"https:\/\/www.sincomam.org.br\/index.php\/wp-json\/wp\/v2\/comments?post=43430"}],"version-history":[{"count":3,"href":"https:\/\/www.sincomam.org.br\/index.php\/wp-json\/wp\/v2\/posts\/43430\/revisions"}],"predecessor-version":[{"id":43433,"href":"https:\/\/www.sincomam.org.br\/index.php\/wp-json\/wp\/v2\/posts\/43430\/revisions\/43433"}],"wp:featuredmedia":[{"embeddable":true,"href":"https:\/\/www.sincomam.org.br\/index.php\/wp-json\/wp\/v2\/media\/39452"}],"wp:attachment":[{"href":"https:\/\/www.sincomam.org.br\/index.php\/wp-json\/wp\/v2\/media?parent=43430"}],"wp:term":[{"taxonomy":"category","embeddable":true,"href":"https:\/\/www.sincomam.org.br\/index.php\/wp-json\/wp\/v2\/categories?post=43430"},{"taxonomy":"post_tag","embeddable":true,"href":"https:\/\/www.sincomam.org.br\/index.php\/wp-json\/wp\/v2\/tags?post=43430"}],"curies":[{"name":"wp","href":"https:\/\/api.w.org\/{rel}","templated":true}]}}