{"id":43424,"date":"2023-01-17T07:18:35","date_gmt":"2023-01-17T10:18:35","guid":{"rendered":"http:\/\/www.sincomam.org.br\/?p=43424"},"modified":"2023-01-17T07:18:35","modified_gmt":"2023-01-17T10:18:35","slug":"reuniao-que-vai-definir-futuro-da-ccr-barcas-no-transporte-aquaviario-do-rio-e-marcada","status":"publish","type":"post","link":"https:\/\/www.sincomam.org.br\/index.php\/reuniao-que-vai-definir-futuro-da-ccr-barcas-no-transporte-aquaviario-do-rio-e-marcada\/","title":{"rendered":"Reuni\u00e3o que vai definir futuro da CCR Barcas no transporte aquavi\u00e1rio do Rio \u00e9 marcada"},"content":{"rendered":"<p>A reuni\u00e3o que deve definir a continuidade ou n\u00e3o da\u00a0CCR Barcas\u00a0no sistema de\u00a0transporte aquavi\u00e1rio\u00a0do\u00a0Rio de Janeiro\u00a0foi marcada para o dia 30 de janeiro. O encontro vai ser realizado entre o Minist\u00e9rio P\u00fablico e o governo estadual. Em pauta, a aprova\u00e7\u00e3o da minuta do acordo entre o Estado e o grupo CCR para manuten\u00e7\u00e3o da empresa na administra\u00e7\u00e3o do servi\u00e7o.<\/p>\n<p>Representantes do MP apontaram que h\u00e1 necessidade de analisar os c\u00e1lculos que norteiam os valores previstos nas cl\u00e1usulas econ\u00f4mico-financeiras do acordo. O \u00f3rg\u00e3o tamb\u00e9m alegou que havia necessidade de um prazo maior para verifica\u00e7\u00e3o minuciosa das cl\u00e1usulas t\u00e9cnicas. O novo edital de licita\u00e7\u00e3o est\u00e1 sendo elaborado pela Universidade Federal do Rio de Janeiro para tentar agilizar o processo, que tem gerado pol\u00eamica a capital fluminense.<\/p>\n<p>O acordo precisa ser aprovado pelo Minist\u00e9rio P\u00fablico e depois ser homologado pela Justi\u00e7a. No fim do ano passado, a Secretaria de Transporte do Rio de Janeiro chegou ao meio-termo com a CCR Barcas para manter o grupo no servi\u00e7o aquavi\u00e1rio at\u00e9 fevereiro de 2024, com possibilidade de extens\u00e3o por mais um ano. H\u00e1 mais de tr\u00eas anos o grupo alegava que n\u00e3o continuaria a frente do servi\u00e7o ap\u00f3s o dia 12 de fevereiro de 2023, quando termina o contrato de concess\u00e3o.<\/p>\n<p>Em se\u00e7\u00f5es anteriores no Tribunal de Contas do Estado, a conselheira Mariana Monteblo manifestou pelo menos duas vezes preocupa\u00e7\u00e3o com a real possibilidade de descontinuidade do funcionamento do transporte. O servi\u00e7o de barcas no Rio conta com seis linhas que transportam, em m\u00e9dia, cerca de 50 mil passageiros diariamente. Em nota, a CCR Barcas disse que segue com opera\u00e7\u00e3o normal at\u00e9 o fim do contrato e que aguarda posicionamento das autoridades a respeito da minuta de acordo com o governo do Estado encaminhada ao Minist\u00e9rio P\u00fablico.<\/p>\n<p>Fonte: Jovem Pan<\/p>\n","protected":false},"excerpt":{"rendered":"<p>A reuni\u00e3o que deve definir a continuidade ou n\u00e3o da\u00a0CCR Barcas\u00a0no sistema de\u00a0transporte aquavi\u00e1rio\u00a0do\u00a0Rio de Janeiro\u00a0foi marcada para o dia 30 de janeiro. O encontro&#8230;<\/p>\n","protected":false},"author":1527,"featured_media":41749,"comment_status":"closed","ping_status":"closed","sticky":false,"template":"","format":"standard","meta":{"footnotes":""},"categories":[6],"tags":[],"class_list":["post-43424","post","type-post","status-publish","format-standard","has-post-thumbnail","hentry","category-noticias"],"_links":{"self":[{"href":"https:\/\/www.sincomam.org.br\/index.php\/wp-json\/wp\/v2\/posts\/43424","targetHints":{"allow":["GET"]}}],"collection":[{"href":"https:\/\/www.sincomam.org.br\/index.php\/wp-json\/wp\/v2\/posts"}],"about":[{"href":"https:\/\/www.sincomam.org.br\/index.php\/wp-json\/wp\/v2\/types\/post"}],"author":[{"embeddable":true,"href":"https:\/\/www.sincomam.org.br\/index.php\/wp-json\/wp\/v2\/users\/1527"}],"replies":[{"embeddable":true,"href":"https:\/\/www.sincomam.org.br\/index.php\/wp-json\/wp\/v2\/comments?post=43424"}],"version-history":[{"count":1,"href":"https:\/\/www.sincomam.org.br\/index.php\/wp-json\/wp\/v2\/posts\/43424\/revisions"}],"predecessor-version":[{"id":43426,"href":"https:\/\/www.sincomam.org.br\/index.php\/wp-json\/wp\/v2\/posts\/43424\/revisions\/43426"}],"wp:featuredmedia":[{"embeddable":true,"href":"https:\/\/www.sincomam.org.br\/index.php\/wp-json\/wp\/v2\/media\/41749"}],"wp:attachment":[{"href":"https:\/\/www.sincomam.org.br\/index.php\/wp-json\/wp\/v2\/media?parent=43424"}],"wp:term":[{"taxonomy":"category","embeddable":true,"href":"https:\/\/www.sincomam.org.br\/index.php\/wp-json\/wp\/v2\/categories?post=43424"},{"taxonomy":"post_tag","embeddable":true,"href":"https:\/\/www.sincomam.org.br\/index.php\/wp-json\/wp\/v2\/tags?post=43424"}],"curies":[{"name":"wp","href":"https:\/\/api.w.org\/{rel}","templated":true}]}}