{"id":43418,"date":"2023-01-17T07:12:28","date_gmt":"2023-01-17T10:12:28","guid":{"rendered":"http:\/\/www.sincomam.org.br\/?p=43418"},"modified":"2023-01-17T07:12:28","modified_gmt":"2023-01-17T10:12:28","slug":"em-cerimonia-com-comandantes-da-marinha-e-do-distrito-naval-fiern-destaca-parceria-para-consolidar-cluster","status":"publish","type":"post","link":"https:\/\/www.sincomam.org.br\/index.php\/em-cerimonia-com-comandantes-da-marinha-e-do-distrito-naval-fiern-destaca-parceria-para-consolidar-cluster\/","title":{"rendered":"Em cerim\u00f4nia com comandantes da Marinha e do Distrito Naval, FIERN destaca parceria para consolidar cluster"},"content":{"rendered":"<p>Ao participar da cerim\u00f4nia de transmiss\u00e3o do cargo de comandante do 3\u00ba Distrito Natal ao vice-almirante Alexander Reis Leite, o presidente do Sindicato da Ind\u00fastria de Pesca do Rio Grande do Norte (Sindipesca-RN), Gabriel Calzavara, destacou o relacionamento institucional entre a FIERN e a Marinha do Brasil para a consolida\u00e7\u00e3o do Cluster Tecnol\u00f3gico e Naval do Rio Grande do Norte. Gabriel Calzavara representou o presidente da FIERN, Amaro Sales, na solenidade, que tamb\u00e9m teve a presen\u00e7a do comandante da Marinha do Brasil, almirante de Esquadra Marcos Sampaio Olsen, e do comandante de Opera\u00e7\u00f5es Navais, almirante de esquadra Wladmilson Borges de Aguiar.<\/p>\n<p>\u201cA presen\u00e7a da FIERN \u00e9 muito significativa, porque a Federa\u00e7\u00e3o lidera o Cluster do Mar no RN. Portanto, prestigiamos a transmiss\u00e3o de cargo, na qual tamb\u00e9m estavam o primeiro comandante da Marinha do Brasil, o vice-almirante do 3\u00ba Distrito, o capit\u00e3o de Mar e Guerra da Base Natal, o capit\u00e3o dos Portos\u201d, observou o Armador de Pesca Gabriel Calzavara. Ele informou que, na ocasi\u00e3o, reafirmou a import\u00e2ncia do Cluster e a mobiliza\u00e7\u00e3o que o presidente FIERN, Amaro Sales, articula para garantir ao Estado o desenvolvimento da economia do mar.<\/p>\n<div class=\"td-a-rec td-a-rec-id-content_inline td_uid_2_63c5bf37bf001_rand td_block_template_11\">\n<p>\u201cIsso mostra que o projeto avan\u00e7a e que vai se consolidar no Nordeste, a partir do Rio Grande do Norte\u201d, acrescentou o empres\u00e1rio.<\/p>\n<\/div>\n<p>O presidente SINDIPESCA-RN afirmou que os comandantes da Marinha e do 3\u00ba Distrito Naval demonstraram reconhecer no Cluster uma iniciativa estrat\u00e9gica. Armador de Pesca Gabriel Calzavara observou tamb\u00e9m que os almirantes reafirmaram que est\u00e3o \u00e0 disposi\u00e7\u00e3o para apoiar e participar do projeto, que percebem como sustent\u00e1vel e relevante para a defesa nacional.<\/p>\n<p>O diretor regional do SENAI-RN, Rodrigo Mello, tamb\u00e9m participou da cerim\u00f4nia de transmiss\u00e3o do cargo de comandante do 3\u00ba Distrito Natal ao vice-almirante Alexander Reis Leite. Tamb\u00e9m estavam presentes, o vice-almirante, Andr\u00e9 Moraes Ferreira, comandante exonerado; comandante de Opera\u00e7\u00f5es Navais, almirante de esquadra, Wladmilson Borges de Aguiar; presidente do SINDIPESCA-RN, Gabriel Calzavara; comandante da Marinha, almirante de esquadra Marcos Sampaio Olsen.<\/p>\n<p>Fonte: Fiern<\/p>\n","protected":false},"excerpt":{"rendered":"<p>Ao participar da cerim\u00f4nia de transmiss\u00e3o do cargo de comandante do 3\u00ba Distrito Natal ao vice-almirante Alexander Reis Leite, o presidente do Sindicato da Ind\u00fastria&#8230;<\/p>\n","protected":false},"author":1527,"featured_media":43419,"comment_status":"closed","ping_status":"closed","sticky":false,"template":"","format":"standard","meta":{"footnotes":""},"categories":[6],"tags":[],"class_list":["post-43418","post","type-post","status-publish","format-standard","has-post-thumbnail","hentry","category-noticias"],"_links":{"self":[{"href":"https:\/\/www.sincomam.org.br\/index.php\/wp-json\/wp\/v2\/posts\/43418","targetHints":{"allow":["GET"]}}],"collection":[{"href":"https:\/\/www.sincomam.org.br\/index.php\/wp-json\/wp\/v2\/posts"}],"about":[{"href":"https:\/\/www.sincomam.org.br\/index.php\/wp-json\/wp\/v2\/types\/post"}],"author":[{"embeddable":true,"href":"https:\/\/www.sincomam.org.br\/index.php\/wp-json\/wp\/v2\/users\/1527"}],"replies":[{"embeddable":true,"href":"https:\/\/www.sincomam.org.br\/index.php\/wp-json\/wp\/v2\/comments?post=43418"}],"version-history":[{"count":1,"href":"https:\/\/www.sincomam.org.br\/index.php\/wp-json\/wp\/v2\/posts\/43418\/revisions"}],"predecessor-version":[{"id":43420,"href":"https:\/\/www.sincomam.org.br\/index.php\/wp-json\/wp\/v2\/posts\/43418\/revisions\/43420"}],"wp:featuredmedia":[{"embeddable":true,"href":"https:\/\/www.sincomam.org.br\/index.php\/wp-json\/wp\/v2\/media\/43419"}],"wp:attachment":[{"href":"https:\/\/www.sincomam.org.br\/index.php\/wp-json\/wp\/v2\/media?parent=43418"}],"wp:term":[{"taxonomy":"category","embeddable":true,"href":"https:\/\/www.sincomam.org.br\/index.php\/wp-json\/wp\/v2\/categories?post=43418"},{"taxonomy":"post_tag","embeddable":true,"href":"https:\/\/www.sincomam.org.br\/index.php\/wp-json\/wp\/v2\/tags?post=43418"}],"curies":[{"name":"wp","href":"https:\/\/api.w.org\/{rel}","templated":true}]}}