{"id":43402,"date":"2023-01-16T09:46:11","date_gmt":"2023-01-16T12:46:11","guid":{"rendered":"http:\/\/www.sincomam.org.br\/?p=43402"},"modified":"2023-01-16T09:46:11","modified_gmt":"2023-01-16T12:46:11","slug":"marinha-do-brasil-realiza-operacao-verao-2022-2023-em-pernambuco","status":"publish","type":"post","link":"https:\/\/www.sincomam.org.br\/index.php\/marinha-do-brasil-realiza-operacao-verao-2022-2023-em-pernambuco\/","title":{"rendered":"Marinha do Brasil realiza Opera\u00e7\u00e3o Ver\u00e3o 2022-2023 em Pernambuco"},"content":{"rendered":"<p>A Marinha do Brasil, por meio da Capitania dos Portos de Pernambuco, iniciou, na quinta-feira (15), a Operac\u0327a\u0303o Vera\u0303o 2022-2023 \u201cNAVSEG: voce\u0302 conectado a uma navegac\u0327a\u0303o segura\u201d, com a intensificac\u0327a\u0303o das ac\u0327o\u0303es de fiscalizac\u0327a\u0303o do tra\u0301fego aquavia\u0301rio e de conscientizac\u0327a\u0303o de condutores e passageiros quanto a\u0300 salvaguarda da vida humana, a\u0300 seguranc\u0327a da navegac\u0327a\u0303o e a\u0300 prevenc\u0327a\u0303o da poluic\u0327a\u0303o ambiental no litoral e nas a\u0301guas interiores do estado.<\/p>\n<p>A Operac\u0327a\u0303o se concentra nos meses de dezembro a marc\u0327o, peri\u0301odo que compreende as festividades de fim de ano e o vera\u0303o, quando e\u0301 observado expressivo aumento do tra\u0301fego das embarcac\u0327o\u0303es de esporte e lazer no mar, rios e lagoas de Pernambuco.<\/p>\n<p>Com o slogan \u201cNAVSEG: voce\u0302 conectado a uma navegac\u0327a\u0303o segura\u201d, a Operac\u0327a\u0303o Vera\u0303o 2022-2023 tem o propo\u0301sito de criar um dia\u0301logo com a sociedade civil, principalmente, com as comunidades mari\u0301tima e na\u0301utica.<\/p>\n<p>De acordo com levantamento nacional da Diretoria de Portos e Costas (DPC), Organizac\u0327a\u0303o Militar representante da Autoridade Mari\u0301tima Brasileira para os assuntos afetos a\u0300 seguranc\u0327a da navegac\u0327a\u0303o, as infrac\u0327o\u0303es que mais chamam a atenc\u0327a\u0303o durante as ac\u0327o\u0303es de fiscalizac\u0327a\u0303o sa\u0303o: conduc\u0327a\u0303o de embarcac\u0327a\u0303o por pessoa na\u0303o habilitada; documentac\u0327a\u0303o da embarcac\u0327a\u0303o incompleta ou vencida; falta de material de salvatagem (coletes, boias, extintores de ince\u0302ndio, entre outros); excesso de lotac\u0327a\u0303o da embarcac\u0327a\u0303o, consumo de bebida alcoo\u0301lica durante a conduc\u0327a\u0303o e ma\u0301s condic\u0327o\u0303es de navegabilidade das embarcac\u0327o\u0303es.<\/p>\n<p>Durante a Operac\u0327a\u0303o Vera\u0303o 2021-2022, a Capitania inspecionou 3.503 embarcac\u0327o\u0303es, emitiu 63 notificac\u0327o\u0303es para comparecimento, apreendeu oito embarcac\u0327o\u0303es e instaurou seis inque\u0301ritos administrativos. Para as ac\u0327o\u0303es iniciadas neste ano, esta\u0303o sendo empregados 112 militares, com o apoio de 5 embarcac\u0327o\u0303es, incluindo lanchas e motos aqua\u0301ticas, que atuara\u0303o em ac\u0327o\u0303es de fiscalizac\u0327a\u0303o no mar e a\u0301guas interiores de Pernambuco. Teremos este ano ainda o uso de etilo\u0302metros durante as inspec\u0327o\u0303es em todo litoral pernambucano.<\/p>\n<p>Apesar de todos os esforc\u0327os concentrados durante os meses da Operac\u0327a\u0303o Vera\u0303o, as ac\u0327o\u0303es educativas e fiscalizato\u0301rias na\u0303o se limitam a esse peri\u0301odo, sendo realizadas de maneira ininterrupta durante todo o ano, com foco no cumprimento das normas de seguranc\u0327a da navegac\u0327a\u0303o.<\/p>\n<p>A CPPE disponibiliza os telefones 185, para Emerge\u0302ncias Mari\u0301timas e Fluviais, e o (81) 98184-5516, para denu\u0301ncias de situac\u0327o\u0303es que representem risco para a seguranc\u0327a da navegac\u0327a\u0303o, a salvaguarda da vida humana no mar e a prevenc\u0327a\u0303o da poluic\u0327a\u0303o ambiental por parte de embarcac\u0327o\u0303es, plataformas fixas ou suas instalac\u0327o\u0303es de apoio.<\/p>\n<p>Fonte: Defesa em Foco<\/p>\n","protected":false},"excerpt":{"rendered":"<p>A Marinha do Brasil, por meio da Capitania dos Portos de Pernambuco, iniciou, na quinta-feira (15), a Operac\u0327a\u0303o Vera\u0303o 2022-2023 \u201cNAVSEG: voce\u0302 conectado a uma&#8230;<\/p>\n","protected":false},"author":1527,"featured_media":43403,"comment_status":"closed","ping_status":"closed","sticky":false,"template":"","format":"standard","meta":{"footnotes":""},"categories":[6],"tags":[],"class_list":["post-43402","post","type-post","status-publish","format-standard","has-post-thumbnail","hentry","category-noticias"],"_links":{"self":[{"href":"https:\/\/www.sincomam.org.br\/index.php\/wp-json\/wp\/v2\/posts\/43402","targetHints":{"allow":["GET"]}}],"collection":[{"href":"https:\/\/www.sincomam.org.br\/index.php\/wp-json\/wp\/v2\/posts"}],"about":[{"href":"https:\/\/www.sincomam.org.br\/index.php\/wp-json\/wp\/v2\/types\/post"}],"author":[{"embeddable":true,"href":"https:\/\/www.sincomam.org.br\/index.php\/wp-json\/wp\/v2\/users\/1527"}],"replies":[{"embeddable":true,"href":"https:\/\/www.sincomam.org.br\/index.php\/wp-json\/wp\/v2\/comments?post=43402"}],"version-history":[{"count":1,"href":"https:\/\/www.sincomam.org.br\/index.php\/wp-json\/wp\/v2\/posts\/43402\/revisions"}],"predecessor-version":[{"id":43404,"href":"https:\/\/www.sincomam.org.br\/index.php\/wp-json\/wp\/v2\/posts\/43402\/revisions\/43404"}],"wp:featuredmedia":[{"embeddable":true,"href":"https:\/\/www.sincomam.org.br\/index.php\/wp-json\/wp\/v2\/media\/43403"}],"wp:attachment":[{"href":"https:\/\/www.sincomam.org.br\/index.php\/wp-json\/wp\/v2\/media?parent=43402"}],"wp:term":[{"taxonomy":"category","embeddable":true,"href":"https:\/\/www.sincomam.org.br\/index.php\/wp-json\/wp\/v2\/categories?post=43402"},{"taxonomy":"post_tag","embeddable":true,"href":"https:\/\/www.sincomam.org.br\/index.php\/wp-json\/wp\/v2\/tags?post=43402"}],"curies":[{"name":"wp","href":"https:\/\/api.w.org\/{rel}","templated":true}]}}