{"id":43396,"date":"2023-01-16T09:39:43","date_gmt":"2023-01-16T12:39:43","guid":{"rendered":"http:\/\/www.sincomam.org.br\/?p=43396"},"modified":"2023-01-16T09:39:43","modified_gmt":"2023-01-16T12:39:43","slug":"pier-maua-tem-14-atracacoes-programadas-para-a-segunda-quinzena-de-janeiro","status":"publish","type":"post","link":"https:\/\/www.sincomam.org.br\/index.php\/pier-maua-tem-14-atracacoes-programadas-para-a-segunda-quinzena-de-janeiro\/","title":{"rendered":"Pier Mau\u00e1 tem 14 atraca\u00e7\u00f5es programadas para a segunda quinzena de janeiro"},"content":{"rendered":"<p>O Pier Mau\u00e1, terminal de passageiros do Porto do Rio de Janeiro, receber\u00e1 de 14 a 28 de janeiro 14 atraca\u00e7\u00f5es com oito navios, sendo tr\u00eas internacionais: &#8220;Arcadia&#8221;, &#8220;Seven Seas Voyager&#8221; e &#8220;Aurora&#8221;.<\/p>\n<p>O terminal contar\u00e1 com duas embarca\u00e7\u00f5es simult\u00e2neas nos dias 14,19 e 28 e com tr\u00eas navios nos dias 18, 21 e 22 de janeiro.<\/p>\n<p>Dia 14 chega o &#8220;Costa Firenze&#8221;, vindo de Ilh\u00e9us e seguindo rumo a Santos. O mesmo navio retorna dias 21 e 28, fazendo o mesmo itiner\u00e1rio. Tamb\u00e9m no dia 14 o MSC &#8220;Seaview&#8221; chega no terminal com mais de cinco mil pessoas. A embarca\u00e7\u00e3o tamb\u00e9m retorna ao Pier Mau\u00e1 nos dias 22 e 28 de janeiro.<\/p>\n<p>Dia 16 \u00e9 a vez do &#8220;Costa Fortuna&#8221;, que retorna dia 24. J\u00e1 no dia 18 o terminal estar\u00e1 com os navios MSC &#8220;Musica&#8221;, que volta dia 27, e os internacionais &#8220;Arcadia&#8221; e &#8220;Seven Seas Voyager&#8221;, que pernoitam at\u00e9 o dia seguinte.<\/p>\n<p>O &#8220;Aurora&#8221;, o MSC &#8220;Magn\u00edfica&#8221; (que est\u00e1 fazendo cruzeiro de volta ao mundo) e o &#8220;Costa Firenze&#8221; chegam dia 21, trazendo em m\u00e9dia 13.253 turistas neste dia.<\/p>\n<p>A temporada come\u00e7ou no dia 28 de outubro e vai at\u00e9 17 de abril, com previs\u00e3o de trazer mais de 500 mil pessoas durante o per\u00edodo. Ao todo ser\u00e3o 36 gigantes, sendo 25 navios internacionais e 11 nacionais. Destes, nove atracar\u00e3o pela primeira vez no Rio de Janeiro. At\u00e9 o final da temporada est\u00e3o previstas 86 escalas nacionais e 34 internacionais.<\/p>\n<p>Fonte: Portos e Navios<\/p>\n","protected":false},"excerpt":{"rendered":"<p>O Pier Mau\u00e1, terminal de passageiros do Porto do Rio de Janeiro, receber\u00e1 de 14 a 28 de janeiro 14 atraca\u00e7\u00f5es com oito navios, sendo&#8230;<\/p>\n","protected":false},"author":1527,"featured_media":43397,"comment_status":"closed","ping_status":"closed","sticky":false,"template":"","format":"standard","meta":{"footnotes":""},"categories":[6],"tags":[],"class_list":["post-43396","post","type-post","status-publish","format-standard","has-post-thumbnail","hentry","category-noticias"],"_links":{"self":[{"href":"https:\/\/www.sincomam.org.br\/index.php\/wp-json\/wp\/v2\/posts\/43396","targetHints":{"allow":["GET"]}}],"collection":[{"href":"https:\/\/www.sincomam.org.br\/index.php\/wp-json\/wp\/v2\/posts"}],"about":[{"href":"https:\/\/www.sincomam.org.br\/index.php\/wp-json\/wp\/v2\/types\/post"}],"author":[{"embeddable":true,"href":"https:\/\/www.sincomam.org.br\/index.php\/wp-json\/wp\/v2\/users\/1527"}],"replies":[{"embeddable":true,"href":"https:\/\/www.sincomam.org.br\/index.php\/wp-json\/wp\/v2\/comments?post=43396"}],"version-history":[{"count":1,"href":"https:\/\/www.sincomam.org.br\/index.php\/wp-json\/wp\/v2\/posts\/43396\/revisions"}],"predecessor-version":[{"id":43398,"href":"https:\/\/www.sincomam.org.br\/index.php\/wp-json\/wp\/v2\/posts\/43396\/revisions\/43398"}],"wp:featuredmedia":[{"embeddable":true,"href":"https:\/\/www.sincomam.org.br\/index.php\/wp-json\/wp\/v2\/media\/43397"}],"wp:attachment":[{"href":"https:\/\/www.sincomam.org.br\/index.php\/wp-json\/wp\/v2\/media?parent=43396"}],"wp:term":[{"taxonomy":"category","embeddable":true,"href":"https:\/\/www.sincomam.org.br\/index.php\/wp-json\/wp\/v2\/categories?post=43396"},{"taxonomy":"post_tag","embeddable":true,"href":"https:\/\/www.sincomam.org.br\/index.php\/wp-json\/wp\/v2\/tags?post=43396"}],"curies":[{"name":"wp","href":"https:\/\/api.w.org\/{rel}","templated":true}]}}