{"id":43364,"date":"2023-01-12T12:21:39","date_gmt":"2023-01-12T15:21:39","guid":{"rendered":"http:\/\/www.sincomam.org.br\/?p=43364"},"modified":"2023-01-12T12:21:39","modified_gmt":"2023-01-12T15:21:39","slug":"privatizacao-do-porto-de-santos-causa-divergencia-entre-rui-costa-e-marcio-franca","status":"publish","type":"post","link":"https:\/\/www.sincomam.org.br\/index.php\/privatizacao-do-porto-de-santos-causa-divergencia-entre-rui-costa-e-marcio-franca\/","title":{"rendered":"Privatiza\u00e7\u00e3o do Porto de Santos causa diverg\u00eancia entre Rui Costa e M\u00e1rcio Fran\u00e7a"},"content":{"rendered":"<p>A proposta de entregar o controle do Porto de Santos \u00e0 iniciativa privada \u00e9 motivo de diverg\u00eancias entre ministros do governo de Luiz In\u00e1cio Lula da Silva. O ministro dos Portos e Aeroportos, M\u00e1rcio Fran\u00e7a, \u00e9 contr\u00e1rio \u00e0 privatiza\u00e7\u00e3o ou \u00e0 concess\u00e3o da gest\u00e3o do porto a um grupo privado. J\u00e1 o ministro da Casa Civil, Rui Costa, principal respons\u00e1vel pelo PPI (Programa de Parcerias e Investimentos), afirma que nada est\u00e1 descartado.<\/p>\n<p>Para Fran\u00e7a, entregar a autoridade portu\u00e1ria \u00e0 iniciativa privada \u00e9 uma &#8220;jabuticaba brasileira&#8221;. &#8220;Ningu\u00e9m no mundo faz isso. S\u00f3 existe um caso, na Austr\u00e1lia, e n\u00e3o deu certo. Esse debate est\u00e1 superado. O brasileiro j\u00e1 decidiu na elei\u00e7\u00e3o que n\u00e3o quer privatiza\u00e7\u00e3o&#8221;. A posi\u00e7\u00e3o de Fran\u00e7a est\u00e1 alinhada com a da milit\u00e2ncia petista.<\/p>\n<p>Rui Costa, no entanto, afirma que o assunto n\u00e3o deve ser tratado de forma dogm\u00e1tica. &#8220;N\u00f3s vamos construir o Porto de Santos e outros. O presidente Lula quer investimento e n\u00f3s iremos buscar o melhor modelo para cada um dos investimentos. Vamos ajustar a modelagem. N\u00e3o tem dogma e para cada projeto e situa\u00e7\u00e3o, vamos desenhar a melhor modelagem poss\u00edvel. Se \u00e9 privatiza\u00e7\u00e3o, concess\u00e3o ou PPP, n\u00f3s vamos identificar o melhor para cada projeto. O que interessa \u00e9 atrair investimento p\u00fablico e privado para a infraestrutura do pa\u00eds&#8221;.<\/p>\n<p>A defesa da privatiza\u00e7\u00e3o do porto foi um dos principais assuntos da reuni\u00e3o entre Lula e o governador de S\u00e3o Paulo, Tarc\u00edsio de Freitas, nesta quarta-feira no Pal\u00e1cio do Planalto. Rui Costa e o ministro das Rela\u00e7\u00f5es Institucionais, Alexandre Padilha, al\u00e9m do secret\u00e1rio da Casa Civil de S\u00e3o Paulo, Gilberto Kassab, estavam na reuni\u00e3o.<\/p>\n<p>Tarc\u00edsio pediu a Lula que considerasse levar adiante a entrega do porto \u00e0 iniciativa privada. O modelo de concess\u00e3o foi desenhado pela equipe de Tarc\u00edsio quando ele ocupava o Minist\u00e9rio da Infraestrutura. A modelagem, nesse momento, est\u00e1 em an\u00e1lise pelo Tribunal de Contas da Uni\u00e3o, uma das \u00faltimas etapas antes do leil\u00e3o.<\/p>\n<p>O governador de S\u00e3o Paulo tem especial interesse na constru\u00e7\u00e3o do t\u00fanel para ligar Santos ao Guaruj\u00e1. A obra, or\u00e7ada em R$ 3 bilh\u00f5es, seria de responsabilidade do cons\u00f3rcio que arrematasse o porto. Promessa antiga, a liga\u00e7\u00e3o terrestre entre as cidades tem grande impacto eleitoral justamente em um reduto de M\u00e1rcio Fran\u00e7a.<\/p>\n<p>Lula chegou a declarar em dezembro, em um discurso repleto de cr\u00edticas ao mercado, que n\u00e3o haveria privatiza\u00e7\u00f5es em seu governo. Al\u00e9m disso, a equipe de transi\u00e7\u00e3o se manifestou de forma contr\u00e1ria \u00e0 privatiza\u00e7\u00e3o do porto.<\/p>\n<p>Dois fatores, no entanto, animaram Tarc\u00edsio, que viu uma brecha para negociar: entrevistas no final do ano passado do pr\u00f3prio M\u00e1rcio Fran\u00e7a em que o ministro admite a possibilidade de conceder algumas partes do porto, como o canal e terminais, mas n\u00e3o a gest\u00e3o da autoridade portu\u00e1ria como um todo; e a aus\u00eancia do porto na lista elaborada pelo governo Lula de empresas e equipamentos que n\u00e3o ser\u00e3o privatizados.<\/p>\n<p>Segundo interlocutores de Tarc\u00edsio, Lula se mostrou aberto a estudar o assunto e n\u00e3o descartou a entrega do porto \u00e0 iniciativa privada.<\/p>\n<p>Fonte: G1<\/p>\n","protected":false},"excerpt":{"rendered":"<p>A proposta de entregar o controle do Porto de Santos \u00e0 iniciativa privada \u00e9 motivo de diverg\u00eancias entre ministros do governo de Luiz In\u00e1cio Lula&#8230;<\/p>\n","protected":false},"author":1527,"featured_media":43365,"comment_status":"closed","ping_status":"closed","sticky":false,"template":"","format":"standard","meta":{"footnotes":""},"categories":[6],"tags":[],"class_list":["post-43364","post","type-post","status-publish","format-standard","has-post-thumbnail","hentry","category-noticias"],"_links":{"self":[{"href":"https:\/\/www.sincomam.org.br\/index.php\/wp-json\/wp\/v2\/posts\/43364","targetHints":{"allow":["GET"]}}],"collection":[{"href":"https:\/\/www.sincomam.org.br\/index.php\/wp-json\/wp\/v2\/posts"}],"about":[{"href":"https:\/\/www.sincomam.org.br\/index.php\/wp-json\/wp\/v2\/types\/post"}],"author":[{"embeddable":true,"href":"https:\/\/www.sincomam.org.br\/index.php\/wp-json\/wp\/v2\/users\/1527"}],"replies":[{"embeddable":true,"href":"https:\/\/www.sincomam.org.br\/index.php\/wp-json\/wp\/v2\/comments?post=43364"}],"version-history":[{"count":1,"href":"https:\/\/www.sincomam.org.br\/index.php\/wp-json\/wp\/v2\/posts\/43364\/revisions"}],"predecessor-version":[{"id":43366,"href":"https:\/\/www.sincomam.org.br\/index.php\/wp-json\/wp\/v2\/posts\/43364\/revisions\/43366"}],"wp:featuredmedia":[{"embeddable":true,"href":"https:\/\/www.sincomam.org.br\/index.php\/wp-json\/wp\/v2\/media\/43365"}],"wp:attachment":[{"href":"https:\/\/www.sincomam.org.br\/index.php\/wp-json\/wp\/v2\/media?parent=43364"}],"wp:term":[{"taxonomy":"category","embeddable":true,"href":"https:\/\/www.sincomam.org.br\/index.php\/wp-json\/wp\/v2\/categories?post=43364"},{"taxonomy":"post_tag","embeddable":true,"href":"https:\/\/www.sincomam.org.br\/index.php\/wp-json\/wp\/v2\/tags?post=43364"}],"curies":[{"name":"wp","href":"https:\/\/api.w.org\/{rel}","templated":true}]}}