{"id":43358,"date":"2023-01-12T08:37:44","date_gmt":"2023-01-12T11:37:44","guid":{"rendered":"http:\/\/www.sincomam.org.br\/?p=43358"},"modified":"2023-01-12T08:37:44","modified_gmt":"2023-01-12T11:37:44","slug":"comando-do-9o-distrito-naval-abre-processo-seletivo-para-praca-temporario","status":"publish","type":"post","link":"https:\/\/www.sincomam.org.br\/index.php\/comando-do-9o-distrito-naval-abre-processo-seletivo-para-praca-temporario\/","title":{"rendered":"Comando do 9\u00ba Distrito Naval abre processo seletivo para Pra\u00e7a Tempor\u00e1rio"},"content":{"rendered":"<div>Est\u00e3o abertas as inscri\u00e7\u00f5es para o processo seletivo de Pra\u00e7as tempor\u00e1rios da Marinha do Brasil, para o preenchimento de vagas nas Organiza\u00e7\u00f5es Militares no \u00e2mbito do Comando do 9\u00b0 Distrito Naval. S\u00e3o vagas para ambos os sexos, para pessoas com mais de 18 anos e menos de 41 anos de idade at\u00e9 a data da sua incorpora\u00e7\u00e3o, com forma\u00e7\u00e3o em n\u00edvel m\u00e9dio-t\u00e9cnico, para presta\u00e7\u00e3o do Servi\u00e7o Militar Volunt\u00e1tio (SMV), de at\u00e9 8 anos.<\/div>\n<div><\/div>\n<div>As inscri\u00e7\u00f5es para o certame acontecem de 14 a 29 de janeiro de 2023, no endere\u00e7o\u00a0<a href=\"http:\/\/com9dn.concursos@marinha.mil.br\/\" target=\"_blank\" rel=\"noopener\">https:\/\/www.marinha.mil.br\/com9dn<\/a>, na aba \u201cServi\u00e7o Militar Volunt\u00e1rio\u201d. A taxa de inscri\u00e7\u00e3o \u00e9 no valor de R$ 65,00.<\/div>\n<div><\/div>\n<div>A sele\u00e7\u00e3o \u00e9 composta por prova objetiva, prova de t\u00edtulos, verifica\u00e7\u00e3o de dados biogr\u00e1ficos, verifica\u00e7\u00e3o documental, inspe\u00e7\u00e3o de sa\u00fade e teste de aptid\u00e3o f\u00edsica. Todos os pr\u00e9-requisitos e demais informa\u00e7\u00f5es podem ser conferidas no Aviso de Convoca\u00e7\u00e3o do Processo Seletivo.<\/div>\n<div><\/div>\n<div><strong>As vagas para o Com9\u00ba DN s\u00e3o dividas nas seguintes \u00e1reas:<\/strong><\/div>\n<div><\/div>\n<div><strong>1. Industrial<\/strong><\/div>\n<div>Para presta\u00e7\u00e3o do SMV como Cabo (CB):<\/div>\n<div>\u2013 Eletrot\u00e9cnica<\/div>\n<div>\u2013 Geod\u00e9sia e Cartografia<\/div>\n<div>\u2013 Motores<\/div>\n<div>Para presta\u00e7\u00e3o do SMV como Marinheiro Especializado (MNE):<\/div>\n<div>\u2013 Marcenaria<\/div>\n<div>\u2013 Metalurgia<\/div>\n<div><strong>2. Sa\u00fade<\/strong><\/div>\n<div>Para presta\u00e7\u00e3o do SMV como Cabo (CB):<\/div>\n<div>\u2013 Enfermagem<\/div>\n<div>\u2013 Patologia Cl\u00ednica<\/div>\n<div><strong>3. Apoio<\/strong><\/div>\n<div>Para presta\u00e7\u00e3o do SMV como Cabo (CB):<\/div>\n<div>\u2013 Administra\u00e7\u00e3o<\/div>\n<div><strong>4. Administrativa<\/strong><\/div>\n<div>Para presta\u00e7\u00e3o do SMV como Marinheiro Especializado (MNE):<\/div>\n<div>\u2013 Arrumador<\/div>\n<div>\u2013 Motorista<\/div>\n<div><\/div>\n<div>Os volunt\u00e1rios \u00e0s vagas destinadas \u00e0 gradua\u00e7\u00e3o de Marinheiro Especializado, como motorista de viatura, dever\u00e3o possuir a Carteira Nacional de Habilita\u00e7\u00e3o (CNH) nas categorias D e E, bem como n\u00e3o ter cometido nenhuma infra\u00e7\u00e3o grave ou grav\u00edssima, ou ser reincidente em infra\u00e7\u00f5es m\u00e9dias durante os doze \u00faltimos meses at\u00e9 a data prevista no Cronograma de Eventos.<\/div>\n<div><\/div>\n<div>Os volunt\u00e1rios \u00e0s vagas da \u00e1rea administrativa para a fun\u00e7\u00e3o de Arrumador dever\u00e3o possuir C-FIC do Eixo Tecnol\u00f3gico de Turismo, Hospitalidade e Lazer, com cursos que contemplem atividades de auxiliar de gar\u00e7om, camareiro em meios de hospedagem e copeiro.<\/div>\n<div><\/div>\n<div>Para informa\u00e7\u00f5es adicionais, os interessados podem entrar em contato com o Servi\u00e7o de Recrutamento Distrital do Com9\u00b0DN, no seguinte telefone: (92) 2123-2278, ou por meio do e-mail:\u00a0<a href=\"http:\/\/com9dn.concursos@marinha.mil.br.\/\" target=\"_blank\" rel=\"noopener\">com9dn.concursos@marinha.mil.br.<\/a><\/div>\n<div><\/div>\n<div><strong>Servi\u00e7o<\/strong><\/div>\n<div><strong>Processo Seletivo:<\/strong>\u00a0Servi\u00e7o Militar Volunt\u00e1rio para Pra\u00e7as 2023<\/div>\n<div><strong>Per\u00edodo:<\/strong>\u00a014 a 29 de janeiro de 2023<\/div>\n<div><strong>Inscri\u00e7\u00f5es:<\/strong>\u00a0https:\/\/www.marinha.mil.br\/com9dn<\/div>\n<div><strong>Contato:<\/strong>\u00a0Servi\u00e7o de Recrutamento Distrital<\/div>\n<div><strong>Telefone:\u00a0<\/strong>(92) 2123-2278<\/div>\n<div>\n<div><strong>Email:<a href=\"http:\/\/com9dn.concursos@marinha.mil.br\/\" target=\"_blank\" rel=\"noopener\">http:\/\/com9dn.concursos@marinha.mil.br<\/a><\/strong><\/div>\n<\/div>\n<p>&nbsp;<\/p>\n<div><\/div>\n","protected":false},"excerpt":{"rendered":"<p>Est\u00e3o abertas as inscri\u00e7\u00f5es para o processo seletivo de Pra\u00e7as tempor\u00e1rios da Marinha do Brasil, para o preenchimento de vagas nas Organiza\u00e7\u00f5es Militares no \u00e2mbito&#8230;<\/p>\n","protected":false},"author":1527,"featured_media":43359,"comment_status":"closed","ping_status":"closed","sticky":false,"template":"","format":"standard","meta":{"footnotes":""},"categories":[6],"tags":[],"class_list":["post-43358","post","type-post","status-publish","format-standard","has-post-thumbnail","hentry","category-noticias"],"_links":{"self":[{"href":"https:\/\/www.sincomam.org.br\/index.php\/wp-json\/wp\/v2\/posts\/43358","targetHints":{"allow":["GET"]}}],"collection":[{"href":"https:\/\/www.sincomam.org.br\/index.php\/wp-json\/wp\/v2\/posts"}],"about":[{"href":"https:\/\/www.sincomam.org.br\/index.php\/wp-json\/wp\/v2\/types\/post"}],"author":[{"embeddable":true,"href":"https:\/\/www.sincomam.org.br\/index.php\/wp-json\/wp\/v2\/users\/1527"}],"replies":[{"embeddable":true,"href":"https:\/\/www.sincomam.org.br\/index.php\/wp-json\/wp\/v2\/comments?post=43358"}],"version-history":[{"count":1,"href":"https:\/\/www.sincomam.org.br\/index.php\/wp-json\/wp\/v2\/posts\/43358\/revisions"}],"predecessor-version":[{"id":43360,"href":"https:\/\/www.sincomam.org.br\/index.php\/wp-json\/wp\/v2\/posts\/43358\/revisions\/43360"}],"wp:featuredmedia":[{"embeddable":true,"href":"https:\/\/www.sincomam.org.br\/index.php\/wp-json\/wp\/v2\/media\/43359"}],"wp:attachment":[{"href":"https:\/\/www.sincomam.org.br\/index.php\/wp-json\/wp\/v2\/media?parent=43358"}],"wp:term":[{"taxonomy":"category","embeddable":true,"href":"https:\/\/www.sincomam.org.br\/index.php\/wp-json\/wp\/v2\/categories?post=43358"},{"taxonomy":"post_tag","embeddable":true,"href":"https:\/\/www.sincomam.org.br\/index.php\/wp-json\/wp\/v2\/tags?post=43358"}],"curies":[{"name":"wp","href":"https:\/\/api.w.org\/{rel}","templated":true}]}}