{"id":43355,"date":"2023-01-12T08:35:54","date_gmt":"2023-01-12T11:35:54","guid":{"rendered":"http:\/\/www.sincomam.org.br\/?p=43355"},"modified":"2023-01-12T08:35:54","modified_gmt":"2023-01-12T11:35:54","slug":"tepor-macae-recebe-declaracao-de-tup-pela-antaq","status":"publish","type":"post","link":"https:\/\/www.sincomam.org.br\/index.php\/tepor-macae-recebe-declaracao-de-tup-pela-antaq\/","title":{"rendered":"Tepor Maca\u00e9 recebe declara\u00e7\u00e3o de TUP pela Antaq"},"content":{"rendered":"<p>A prefeitura de Maca\u00e9 (RJ) celebra nesta semana mais uma etapa na implanta\u00e7\u00e3o do Tepor Maca\u00e9, que recebeu da Ag\u00eancia Nacional de Transporte Aquavi\u00e1rio (Antaq) a declara\u00e7\u00e3o de Terminal de Uso Privado (TUP).<\/p>\n<p>A autoriza\u00e7\u00e3o cumpre etapa final no processo de legaliza\u00e7\u00e3o do empreendimento que j\u00e1 concluiu tamb\u00e9m todas as etapas de licenciamento ambiental.<\/p>\n<p>\u201cO Tepor j\u00e1 \u00e9 reconhecido pelo mercado como um dos principais projetos portu\u00e1rios do pa\u00eds. O TUP refor\u00e7a a viabilidade dos investimentos que j\u00e1 est\u00e3o sendo consolidados, atrav\u00e9s da assinatura de contratos. O inicio da constru\u00e7\u00e3o do nosso novo porto \u00e9 previsto para este ano de 2023 e vai marcar este novo ciclo de prosperidade da nossa cidade\u201d, ressaltou o secret\u00e1rio de Desenvolvimento Econ\u00f4mico de Maca\u00e9, Rodrigo Vianna.<\/p>\n<p>Com investimentos estimados em cerca de R$ 10 bilh\u00f5es, o Tepor oferecer\u00e1 infraestrutura que atende a demanda do mercado offshore nacional, assegurando opera\u00e7\u00f5es de log\u00edstica e armazenagem para as empresas que atuam nas etapas de explora\u00e7\u00e3o e produ\u00e7\u00e3o de petr\u00f3leo e g\u00e1s nas Bacias de Campos e de Santos.<\/p>\n<p>Fonte: Portos e Navios<\/p>\n","protected":false},"excerpt":{"rendered":"<p>A prefeitura de Maca\u00e9 (RJ) celebra nesta semana mais uma etapa na implanta\u00e7\u00e3o do Tepor Maca\u00e9, que recebeu da Ag\u00eancia Nacional de Transporte Aquavi\u00e1rio (Antaq)&#8230;<\/p>\n","protected":false},"author":1527,"featured_media":43356,"comment_status":"closed","ping_status":"closed","sticky":false,"template":"","format":"standard","meta":{"footnotes":""},"categories":[6],"tags":[],"class_list":["post-43355","post","type-post","status-publish","format-standard","has-post-thumbnail","hentry","category-noticias"],"_links":{"self":[{"href":"https:\/\/www.sincomam.org.br\/index.php\/wp-json\/wp\/v2\/posts\/43355","targetHints":{"allow":["GET"]}}],"collection":[{"href":"https:\/\/www.sincomam.org.br\/index.php\/wp-json\/wp\/v2\/posts"}],"about":[{"href":"https:\/\/www.sincomam.org.br\/index.php\/wp-json\/wp\/v2\/types\/post"}],"author":[{"embeddable":true,"href":"https:\/\/www.sincomam.org.br\/index.php\/wp-json\/wp\/v2\/users\/1527"}],"replies":[{"embeddable":true,"href":"https:\/\/www.sincomam.org.br\/index.php\/wp-json\/wp\/v2\/comments?post=43355"}],"version-history":[{"count":1,"href":"https:\/\/www.sincomam.org.br\/index.php\/wp-json\/wp\/v2\/posts\/43355\/revisions"}],"predecessor-version":[{"id":43357,"href":"https:\/\/www.sincomam.org.br\/index.php\/wp-json\/wp\/v2\/posts\/43355\/revisions\/43357"}],"wp:featuredmedia":[{"embeddable":true,"href":"https:\/\/www.sincomam.org.br\/index.php\/wp-json\/wp\/v2\/media\/43356"}],"wp:attachment":[{"href":"https:\/\/www.sincomam.org.br\/index.php\/wp-json\/wp\/v2\/media?parent=43355"}],"wp:term":[{"taxonomy":"category","embeddable":true,"href":"https:\/\/www.sincomam.org.br\/index.php\/wp-json\/wp\/v2\/categories?post=43355"},{"taxonomy":"post_tag","embeddable":true,"href":"https:\/\/www.sincomam.org.br\/index.php\/wp-json\/wp\/v2\/tags?post=43355"}],"curies":[{"name":"wp","href":"https:\/\/api.w.org\/{rel}","templated":true}]}}