{"id":43342,"date":"2023-01-11T10:33:48","date_gmt":"2023-01-11T13:33:48","guid":{"rendered":"http:\/\/www.sincomam.org.br\/?p=43342"},"modified":"2023-01-11T10:33:48","modified_gmt":"2023-01-11T13:33:48","slug":"inss-beneficios-acima-do-minimo-terao-reajuste-de-593","status":"publish","type":"post","link":"https:\/\/www.sincomam.org.br\/index.php\/inss-beneficios-acima-do-minimo-terao-reajuste-de-593\/","title":{"rendered":"INSS: benef\u00edcios acima do m\u00ednimo ter\u00e3o reajuste de 5,93%"},"content":{"rendered":"<div class=\"texto\">Os benef\u00edcios do Instituto Nacional do Seguro Social (INSS) acima de um sal\u00e1rio m\u00ednimo subir\u00e3o 5,93% neste ano, confirmou nesta ter\u00e7a-feira, 10, o Minist\u00e9rio da Previd\u00eancia Social. O reajuste seguir\u00e1 o \u00cdndice Nacional de Pre\u00e7os ao Consumidor (INPC) do ano passado, divulgado mais cedo pelo Instituto Brasileiro de Geografia e Estat\u00edstica (IBGE).<\/div>\n<div class=\"texto\">Com a defini\u00e7\u00e3o do \u00edndice de reajuste, o teto do INSS subir\u00e1 R$ 420,27. Os benef\u00edcios de valor mais alto passar\u00e3o de R$ 7.087,22 no ano passado para R$ 7.507,49 em 2023.<\/div>\n<div><\/div>\n<div>Al\u00e9m de corrigir os benef\u00edcios acima de um sal\u00e1rio m\u00ednimo, o INPC \u00e9 aplicado para o reajuste das contribui\u00e7\u00f5es para a Previd\u00eancia Social. Essas contribui\u00e7\u00f5es sobem conforme o sal\u00e1rio. Quanto mais o trabalhador na ativa recebe, mais est\u00e1 sujeito a al\u00edquotas adicionais que elevam a contribui\u00e7\u00e3o.<\/div>\n<div><\/div>\n<div>\n<div class=\"texto\">Os benef\u00edcios atrelados ao sal\u00e1rio m\u00ednimo subir\u00e3o 8,91%, de R$ 1.212 para R$ 1.320. No entanto, esse valor ainda precisa ser oficializado por meio de medida provis\u00f3ria. At\u00e9 agora, vale oficialmente o sal\u00e1rio m\u00ednimo de R$ 1.302, editado no fim do ano passado. Originalmente, a cerim\u00f4nia de an\u00fancio do novo sal\u00e1rio m\u00ednimo estava prevista para ontem (9), mas foi adiada por causa dos atos terroristas em Bras\u00edlia no \u00faltimo domingo (8).<\/div>\n<div class=\"texto\">O INSS come\u00e7ar\u00e1 a pagar os benef\u00edcios de janeiro no fim do m\u00eas. Para quem ganha um sal\u00e1rio m\u00ednimo, o pagamento da aposentadoria, pens\u00e3o ou aux\u00edlio ser\u00e1 feito entre 25 de janeiro e 7 de fevereiro. Quem recebe al\u00e9m do m\u00ednimo ter\u00e1 o benef\u00edcio depositado entre 1\u00ba e 7 de fevereiro.<\/div>\n<\/div>\n<div><\/div>\n<div>Fonte: Jornal O Dia<\/div>\n","protected":false},"excerpt":{"rendered":"<p>Os benef\u00edcios do Instituto Nacional do Seguro Social (INSS) acima de um sal\u00e1rio m\u00ednimo subir\u00e3o 5,93% neste ano, confirmou nesta ter\u00e7a-feira, 10, o Minist\u00e9rio da&#8230;<\/p>\n","protected":false},"author":1527,"featured_media":43343,"comment_status":"closed","ping_status":"closed","sticky":false,"template":"","format":"standard","meta":{"footnotes":""},"categories":[6],"tags":[],"class_list":["post-43342","post","type-post","status-publish","format-standard","has-post-thumbnail","hentry","category-noticias"],"_links":{"self":[{"href":"https:\/\/www.sincomam.org.br\/index.php\/wp-json\/wp\/v2\/posts\/43342","targetHints":{"allow":["GET"]}}],"collection":[{"href":"https:\/\/www.sincomam.org.br\/index.php\/wp-json\/wp\/v2\/posts"}],"about":[{"href":"https:\/\/www.sincomam.org.br\/index.php\/wp-json\/wp\/v2\/types\/post"}],"author":[{"embeddable":true,"href":"https:\/\/www.sincomam.org.br\/index.php\/wp-json\/wp\/v2\/users\/1527"}],"replies":[{"embeddable":true,"href":"https:\/\/www.sincomam.org.br\/index.php\/wp-json\/wp\/v2\/comments?post=43342"}],"version-history":[{"count":1,"href":"https:\/\/www.sincomam.org.br\/index.php\/wp-json\/wp\/v2\/posts\/43342\/revisions"}],"predecessor-version":[{"id":43344,"href":"https:\/\/www.sincomam.org.br\/index.php\/wp-json\/wp\/v2\/posts\/43342\/revisions\/43344"}],"wp:featuredmedia":[{"embeddable":true,"href":"https:\/\/www.sincomam.org.br\/index.php\/wp-json\/wp\/v2\/media\/43343"}],"wp:attachment":[{"href":"https:\/\/www.sincomam.org.br\/index.php\/wp-json\/wp\/v2\/media?parent=43342"}],"wp:term":[{"taxonomy":"category","embeddable":true,"href":"https:\/\/www.sincomam.org.br\/index.php\/wp-json\/wp\/v2\/categories?post=43342"},{"taxonomy":"post_tag","embeddable":true,"href":"https:\/\/www.sincomam.org.br\/index.php\/wp-json\/wp\/v2\/tags?post=43342"}],"curies":[{"name":"wp","href":"https:\/\/api.w.org\/{rel}","templated":true}]}}