{"id":43323,"date":"2023-01-10T07:59:06","date_gmt":"2023-01-10T10:59:06","guid":{"rendered":"http:\/\/www.sincomam.org.br\/?p=43323"},"modified":"2023-01-10T07:59:06","modified_gmt":"2023-01-10T10:59:06","slug":"em-reuniao-com-lula-governadores-condenam-atos-antidemocraticos","status":"publish","type":"post","link":"https:\/\/www.sincomam.org.br\/index.php\/em-reuniao-com-lula-governadores-condenam-atos-antidemocraticos\/","title":{"rendered":"Em reuni\u00e3o com Lula, governadores condenam atos antidemocr\u00e1ticos"},"content":{"rendered":"<p>Um dia ap\u00f3s os atos golpistas que resultaram na\u00a0depreda\u00e7\u00e3o\u00a0do Congresso Nacional, do Pal\u00e1cio do Planalto e do Supremo Tribunal Federal (STF), governadores e governadoras se reuniram em Bras\u00edlia, na noite desta\u00a0segunda-feira (9), com o presidente Luiz In\u00e1cio Lula da Silva, para reafirmar a defesa da democracia e condenar tentativa de ruptura institucional no pa\u00eds. Participaram da reuni\u00e3o todos os governadores ou vices dos 26\u00a0estados e do Distrito Federal.\u00a0<img decoding=\"async\" src=\"https:\/\/agenciabrasil.ebc.com.br\/ebc.png?id=1503073&amp;o=node\" \/><img decoding=\"async\" src=\"https:\/\/agenciabrasil.ebc.com.br\/ebc.gif?id=1503073&amp;o=node\" \/><\/p>\n<p>Tamb\u00e9m estiveram no encontro os presidentes da C\u00e2mara dos Deputados, Arthur Lira, e do Senado Federal em exerc\u00edcio, Veneziano Vital do R\u00eago (MDB-PB), al\u00e9m da presidente do Supremo Tribunal Federal\u00a0(STF),\u00a0Rosa Weber, e de outros ministros da Suprema Corte.<\/p>\n<p>&#8220;\u00c9 importante ressaltar que este f\u00f3rum [de governadores] se re\u00fane respeitando as diversas matizes pol\u00edticas que comp\u00f5em a pluralidade ideol\u00f3gica e partid\u00e1ria do nosso pa\u00eds, mas todos t\u00eam uma causa inegoci\u00e1vel, que nos une: a democracia&#8221;, destacou o governador do Par\u00e1, H\u00e9lder Barbalho, que articulou o encontro, e fez uma fala representando os governadores da Regi\u00e3o Norte.<\/p>\n<p>Durante a reuni\u00e3o, os l\u00edderes estaduais foram un\u00e2nimes em enfatizar a defesa do estado democr\u00e1tico de direito no pa\u00eds. &#8220;Essa reuni\u00e3o de\u00a0hoje\u00a0significa que a democracia brasileira vai se tornar, depois dos epis\u00f3dios de\u00a0ontem, ainda mais forte&#8221;, disse o governador de S\u00e3o Paulo Tarc\u00edsio de Freitas, em nome da Regi\u00e3o Sudeste.<\/p>\n<p>A governadora F\u00e1tima Bezerra, do Rio Grande do Norte, falou da indigna\u00e7\u00e3o com as cenas de destrui\u00e7\u00e3o dos maiores s\u00edmbolos da democracia republicana do pa\u00eds e pediu puni\u00e7\u00e3o aos golpistas. &#8220;Foi muito doloroso ver as cenas de ontem, a viol\u00eancia atingindo o cora\u00e7\u00e3o da Rep\u00fablica. Diante de um epis\u00f3dio t\u00e3o grave, n\u00e3o poderia ser outra a atitude dos governadores do Brasil, de estarem aqui\u00a0hoje. Esses atos de\u00a0ontem\u00a0n\u00e3o podem ficar impunes&#8221;, afirmou, em nome da Regi\u00e3o Nordeste.<\/p>\n<p>Pela Regi\u00e3o Sul, coube ao governador do Rio Grande do Sul, Eduardo Leite, destacar algumas das a\u00e7\u00f5es conjuntas deflagradas pelos estados, como a disponibiliza\u00e7\u00e3o de efetivos policiais para manter a ordem no Distrito Federal e desmobiliza\u00e7\u00e3o de acampamentos golpistas nos estados. &#8220;Al\u00e9m de estar disponibilizando efetivo policial, estamos atuando de forma sin\u00e9rgica em sintonia para a manuten\u00e7\u00e3o da ordem nos nossos estados&#8221;.<\/p>\n<p>A\u00a0governadora em exerc\u00edcio\u00a0do Distrito Federal, Celina Le\u00e3o, disse que o governo da capital &#8220;coaduna com a democracia&#8221; e lembrou da pris\u00e3o, at\u00e9 o momento, de mais de 1,5 mil pessoas por envolvimento nos atos de vandalismo. Celina Le\u00e3o substitui o governador Ibaneis Rocha, afastado na madrugada desta\u00a0segunda, por decis\u00e3o do ministro do STF, Alexandre de Moraes.\u00a0Ela aproveitou para dizer que o governador afastado &#8220;\u00e9 um democrata&#8221;, mas que, &#8220;por infelicidade, recebeu v\u00e1rias informa\u00e7\u00f5es equivocadas durante a crise&#8221;.<\/p>\n<p>Desde\u00a0ontem, o\u00a0DF est\u00e1 sob interven\u00e7\u00e3o federal\u00a0na seguran\u00e7a p\u00fablica. O decreto assinado pelo presidente Lula ainda precisa ser aprovado pelo Congresso Nacional, o que ocorrer\u00e1 de forma simb\u00f3lica, assegurou o presidente da C\u00e2mara dos Deputados. &#8220;N\u00f3s votaremos simbolicamente, por unanimidade, para demonstrar que a Casa do povo est\u00e1 unida em defesa de medidas duras para esse pequeno grupo radical, que hostilizou as institui\u00e7\u00f5es e tentou deixar a democracia de c\u00f3coras\u00a0ontem&#8221;.<\/p>\n<h2>Financiadores<\/h2>\n<p>Em\u00a0discurso aos governadores, o presidente Lula agradeceu pela solidariedade prestada e fez duras cr\u00edticas aos grupos envolvidos nos atos de vandalismo.<\/p>\n<p>&#8220;Voc\u00eas vieram prestar solidariedade ao pa\u00eds e \u00e0 democracia. O que n\u00f3s vimos\u00a0ontem\u00a0foi uma coisa que j\u00e1 estava prevista. Isso tinha sido anunciado h\u00e1 algum tempo atr\u00e1s. As pessoas n\u00e3o tinham pautam de reivindica\u00e7\u00e3o. Eles estavam reivindicando golpe, era a \u00fanica coisa que se ouvia falar&#8221;, disse.<\/p>\n<p>O presidente tamb\u00e9m voltou a criticar a\u00a0a\u00e7\u00e3o das for\u00e7as policiais\u00a0e disse que \u00e9 preciso apurar e encontrar os financiadores dos atos democr\u00e1ticos. &#8220;A pol\u00edcia de Bras\u00edlia negligenciou. A intelig\u00eancia de Bras\u00edlia negligenciou. \u00c9 f\u00e1cil a gente ver os policiais conversando com os invasores. N\u00e3o vamos ser autorit\u00e1rios com ningu\u00e9m, mas n\u00e3o seremos mornos com ningu\u00e9m. N\u00f3s vamos encontrar quem financiou [os atos golpistas]&#8221;.<\/p>\n<p>O ministro da Justi\u00e7a e Seguran\u00e7a P\u00fablica,\u00a0Fl\u00e1vio Dino, afirmou que que as investiga\u00e7\u00f5es em curso devem resultar em novos pedidos de pris\u00e3o preventiva e tempor\u00e1ria, principalmente contra os financiadores.<\/p>\n<h2>Unidade<\/h2>\n<p>Presente na\u00a0reuni\u00e3o, a ministra Rosa Weber, presidente do STF, tamb\u00e9m fez quest\u00e3o de enaltecer a presen\u00e7a dos governadores em um gesto de compromisso democr\u00e1tico com o Brasil. &#8220;Eu estou aqui, em nome do STF, agradecendo a iniciativa do f\u00f3rum dos governadores de testemunharem a unidade nacional, de um Brasil que todos n\u00f3s queremos, no sentido da defesa da nossa democracia e do Estado Democr\u00e1tico de Direito. O sentido dessa uni\u00e3o em torno de um Brasil que queremos, um Brasil de paz, solid\u00e1rio e fraterno&#8221;.<\/p>\n<p>Em\u00a0outro gesto de unidade, ap\u00f3s o encontro, presidente, governadores e ministros do STF\u00a0atravessaram a Pra\u00e7a dos Tr\u00eas Poderes a p\u00e9, at\u00e9 a sede do STF, edif\u00edcio que\u00a0ontem\u00a0tamb\u00e9m foi brutalmente destru\u00eddo. A ministra Rosa Weber garantiu que o pr\u00e9dio estar\u00e1 pronto para reabertura do ano judici\u00e1rio, em fevereiro.<\/p>\n<p>Fonte: Ag\u00eancia Brasil<\/p>\n","protected":false},"excerpt":{"rendered":"<p>Um dia ap\u00f3s os atos golpistas que resultaram na\u00a0depreda\u00e7\u00e3o\u00a0do Congresso Nacional, do Pal\u00e1cio do Planalto e do Supremo Tribunal Federal (STF), governadores e governadoras se&#8230;<\/p>\n","protected":false},"author":1527,"featured_media":43325,"comment_status":"closed","ping_status":"closed","sticky":false,"template":"","format":"standard","meta":{"footnotes":""},"categories":[6],"tags":[],"class_list":["post-43323","post","type-post","status-publish","format-standard","has-post-thumbnail","hentry","category-noticias"],"_links":{"self":[{"href":"https:\/\/www.sincomam.org.br\/index.php\/wp-json\/wp\/v2\/posts\/43323","targetHints":{"allow":["GET"]}}],"collection":[{"href":"https:\/\/www.sincomam.org.br\/index.php\/wp-json\/wp\/v2\/posts"}],"about":[{"href":"https:\/\/www.sincomam.org.br\/index.php\/wp-json\/wp\/v2\/types\/post"}],"author":[{"embeddable":true,"href":"https:\/\/www.sincomam.org.br\/index.php\/wp-json\/wp\/v2\/users\/1527"}],"replies":[{"embeddable":true,"href":"https:\/\/www.sincomam.org.br\/index.php\/wp-json\/wp\/v2\/comments?post=43323"}],"version-history":[{"count":1,"href":"https:\/\/www.sincomam.org.br\/index.php\/wp-json\/wp\/v2\/posts\/43323\/revisions"}],"predecessor-version":[{"id":43326,"href":"https:\/\/www.sincomam.org.br\/index.php\/wp-json\/wp\/v2\/posts\/43323\/revisions\/43326"}],"wp:featuredmedia":[{"embeddable":true,"href":"https:\/\/www.sincomam.org.br\/index.php\/wp-json\/wp\/v2\/media\/43325"}],"wp:attachment":[{"href":"https:\/\/www.sincomam.org.br\/index.php\/wp-json\/wp\/v2\/media?parent=43323"}],"wp:term":[{"taxonomy":"category","embeddable":true,"href":"https:\/\/www.sincomam.org.br\/index.php\/wp-json\/wp\/v2\/categories?post=43323"},{"taxonomy":"post_tag","embeddable":true,"href":"https:\/\/www.sincomam.org.br\/index.php\/wp-json\/wp\/v2\/tags?post=43323"}],"curies":[{"name":"wp","href":"https:\/\/api.w.org\/{rel}","templated":true}]}}