{"id":43291,"date":"2023-01-09T11:09:16","date_gmt":"2023-01-09T14:09:16","guid":{"rendered":"http:\/\/www.sincomam.org.br\/?p=43291"},"modified":"2023-01-09T11:09:16","modified_gmt":"2023-01-09T14:09:16","slug":"tragedia-no-canion-de-capitolio-em-minas-gerais-completou-um-ano","status":"publish","type":"post","link":"https:\/\/www.sincomam.org.br\/index.php\/tragedia-no-canion-de-capitolio-em-minas-gerais-completou-um-ano\/","title":{"rendered":"Trag\u00e9dia no c\u00e2nion de Capit\u00f3lio, em Minas Gerais, completou um ano"},"content":{"rendered":"<p>A trag\u00e9dia em Capit\u00f3lio completou 1 ano neste domingo (8). Ela causou a morte de dez pessoas, todas ocupantes da lancha de nome Jesus, e outras 27 feridas. A causa foi o desmoronamento de um pared\u00e3o de pedra de um c\u00e2nion. O bloco de pedra atingiu tr\u00eas embarca\u00e7\u00f5es no Lago de Furnas, em 8 de janeiro de 2022.<\/p>\n<p>O bloco de pedra despencou por volta de 12h30 no local onde estavam lanchas que transportavam dezenas de turistas. Logo depois, imagens gravadas por quem estava em embarca\u00e7\u00f5es menos afetadas se disseminaram pelas redes sociais no mundo inteiro.<\/p>\n<div class=\"td-a-rec td-a-rec-id-content_inline td_uid_2_63bc10a5f2aac_rand td_block_template_11\">\n<p>Meses depois, o inqu\u00e9rito aberto pela Pol\u00edcia Civil concluiu pelo n\u00e3o indiciamentos de respons\u00e1veis pelo desmoronamento. Estudos t\u00e9cnicos apontaram que a queda do bloco de rocha no lago de Furnas se deu como desdobramento de eventos naturais, sem influ\u00eancia da a\u00e7\u00e3o humana.<\/p>\n<\/div>\n<p>Segundo as investiga\u00e7\u00f5es, houve um processo geol\u00f3gico de remodelamento de relevo que \u00e9 comum na regi\u00e3o, o que torna poss\u00edvel que outras rupturas venham a ocorrer. Para aumentar a seguran\u00e7a nas atividades tur\u00edsticas, a Pol\u00edcia Civil elaborou dez sugest\u00f5es que integram o relat\u00f3rio final do inqu\u00e9rito.<\/p>\n<p>A Pol\u00edcia Civil tamb\u00e9m sugeriu que a empresa Furnas Centrais El\u00e9tricas adotasse medidas preventivas de seguran\u00e7a. Controlada pela Eletrobras, a companhia divulgou nota, na \u00e9poca da trag\u00e9dia, lamentando o ocorrido e informando que apenas usa a \u00e1gua do lago para gerar energia el\u00e9trica. \u201cCompete ao Poder P\u00fablico a gest\u00e3o dos demais usos m\u00faltiplos do reservat\u00f3rio\u201d, sustentou a empresa, referindo-se ao controle das atividades tur\u00edsticas na regi\u00e3o.<\/p>\n<h3>C\u00e2nion reaberto<\/h3>\n<p>O c\u00e2nion voltou a ser aberto ao turismo, quase tr\u00eas meses ap\u00f3s a trag\u00e9dia. A libera\u00e7\u00e3o parcial das visitas n\u00e1uticas ocorreu com o aval da prefeitura. Al\u00e9m de estabelecer novas regras, como a obriga\u00e7\u00e3o dos condutores manterem as embarca\u00e7\u00f5es a uma dist\u00e2ncia m\u00ednima dos pared\u00f5es e respeitarem os limites estabelecidos para cada trecho do percurso, o munic\u00edpio \u2013 distante cerca de 282 quil\u00f4metros de Belo Horizonte \u2013 contratou uma equipe de ge\u00f3logos para avaliar, diariamente, a estabilidade dos blocos de pedra.<\/p>\n<h3>Investimentos<\/h3>\n<p>Logo ap\u00f3s o desastre, o governo de Minas e parceiros anunciaram investimento conjunto de R$ 5 milh\u00f5es para o plano \u201cReviva Capit\u00f3lio\u201d, com 80 a\u00e7\u00f5es de seguran\u00e7a e de impulsionamento do turismo para a regi\u00e3o, onde tradicionalmente turistas do mundo inteiro buscam navegar para contemplar de perto as imensas forma\u00e7\u00f5es rochosas e \u00e1guas cristalinas.<\/p>\n<p>Entre as principais medidas executadas at\u00e9 agora est\u00e1 a finaliza\u00e7\u00e3o de um estudo geol\u00f3gico nas regi\u00f5es rochosas de Capit\u00f3lio. O estudo permite mapear toda a \u00e1rea dos c\u00e2nions, garantindo a estabilidade dos pared\u00f5es rochosos.<\/p>\n<p>O trabalho inclui an\u00e1lises di\u00e1rias feitas por um ge\u00f3logo para identificar poss\u00edveis processos erosivos ou fluxos de \u00e1gua entre as pedras, visando estabelecer um n\u00edvel rigoroso de seguran\u00e7a para a atividade tur\u00edstica. Al\u00e9m dessas iniciativas, foi assinado, em novembro do ano passado, conv\u00eanio no valor de R$ 2 milh\u00f5es para realiza\u00e7\u00e3o de obra de conten\u00e7\u00e3o dos c\u00e2nions de Capit\u00f3lio.<\/p>\n<p>De acordo com o prefeito de Capit\u00f3lio, Cristiano Geral do Silva, todo o trabalho realizado possibilitou resgatar a fauna e flora terrestre da regi\u00e3o, que considera como um dos mais lindos do mundo. \u201cHoje \u00e9 poss\u00edvel ver nos c\u00e2nions o pato mergulh\u00e3o, que \u00e9 t\u00edpico de nossa regi\u00e3o, mas est\u00e1 em extin\u00e7\u00e3o. Tamb\u00e9m \u00e9 poss\u00edvel ver capivaras e diversos tipos de p\u00e1ssaros no local\u201d, disse.<\/p>\n<p>\u201cO turista que visita Capit\u00f3lio hoje tem a oportunidade de conhecer ainda mais nossa mineiridade, saborear nossa culin\u00e1ria e ser recebido com todo carinho por aqueles que aqui moram. Agradecemos muito o apoio do Governo de Minas e dos parceiros\u201d, acrescentou Cristiano.<\/p>\n<p>Fonte:\u00a0 Ag\u00eancia Minas<\/p>\n","protected":false},"excerpt":{"rendered":"<p>A trag\u00e9dia em Capit\u00f3lio completou 1 ano neste domingo (8). Ela causou a morte de dez pessoas, todas ocupantes da lancha de nome Jesus, e&#8230;<\/p>\n","protected":false},"author":1527,"featured_media":43292,"comment_status":"closed","ping_status":"closed","sticky":false,"template":"","format":"standard","meta":{"footnotes":""},"categories":[6],"tags":[],"class_list":["post-43291","post","type-post","status-publish","format-standard","has-post-thumbnail","hentry","category-noticias"],"_links":{"self":[{"href":"https:\/\/www.sincomam.org.br\/index.php\/wp-json\/wp\/v2\/posts\/43291","targetHints":{"allow":["GET"]}}],"collection":[{"href":"https:\/\/www.sincomam.org.br\/index.php\/wp-json\/wp\/v2\/posts"}],"about":[{"href":"https:\/\/www.sincomam.org.br\/index.php\/wp-json\/wp\/v2\/types\/post"}],"author":[{"embeddable":true,"href":"https:\/\/www.sincomam.org.br\/index.php\/wp-json\/wp\/v2\/users\/1527"}],"replies":[{"embeddable":true,"href":"https:\/\/www.sincomam.org.br\/index.php\/wp-json\/wp\/v2\/comments?post=43291"}],"version-history":[{"count":1,"href":"https:\/\/www.sincomam.org.br\/index.php\/wp-json\/wp\/v2\/posts\/43291\/revisions"}],"predecessor-version":[{"id":43293,"href":"https:\/\/www.sincomam.org.br\/index.php\/wp-json\/wp\/v2\/posts\/43291\/revisions\/43293"}],"wp:featuredmedia":[{"embeddable":true,"href":"https:\/\/www.sincomam.org.br\/index.php\/wp-json\/wp\/v2\/media\/43292"}],"wp:attachment":[{"href":"https:\/\/www.sincomam.org.br\/index.php\/wp-json\/wp\/v2\/media?parent=43291"}],"wp:term":[{"taxonomy":"category","embeddable":true,"href":"https:\/\/www.sincomam.org.br\/index.php\/wp-json\/wp\/v2\/categories?post=43291"},{"taxonomy":"post_tag","embeddable":true,"href":"https:\/\/www.sincomam.org.br\/index.php\/wp-json\/wp\/v2\/tags?post=43291"}],"curies":[{"name":"wp","href":"https:\/\/api.w.org\/{rel}","templated":true}]}}