{"id":43262,"date":"2023-01-06T12:23:52","date_gmt":"2023-01-06T15:23:52","guid":{"rendered":"http:\/\/www.sincomam.org.br\/?p=43262"},"modified":"2023-01-06T12:23:52","modified_gmt":"2023-01-06T15:23:52","slug":"lula-revoga-decreto-que-reduziria-frete-maritimo-com-impacto-fiscal-de-r-735-milhoes-em-tres-anos","status":"publish","type":"post","link":"https:\/\/www.sincomam.org.br\/index.php\/lula-revoga-decreto-que-reduziria-frete-maritimo-com-impacto-fiscal-de-r-735-milhoes-em-tres-anos\/","title":{"rendered":"Lula revoga decreto que reduziria frete mar\u00edtimo com impacto fiscal de R$ 7,35 milh\u00f5es em tr\u00eas anos"},"content":{"rendered":"<p>O presidente\u00a0Luiz In\u00e1cio Lula da Silva (PT) revogou um decreto\u00a0assinado no pen\u00faltimo dia do governo Bolsonaro,\u00a0que reduzia impostos do frete mar\u00edtimo a partir de janeiro de 2023. Ao reduzir a al\u00edquota pela metade, o governo projetava uma ren\u00fancia fiscal de R$ 7,35 milh\u00f5es em tr\u00eas anos.<\/p>\n<p align=\"left\">Este n\u00e3o foi o \u00fanico decreto da reta final da gest\u00e3o Bolsonaro revogado por Lula. O presidente tamb\u00e9m cancelou decis\u00e3o que reduziria em R$ 5,8 bilh\u00f5es a receita do governo, com a diminui\u00e7\u00e3o de tributos pagos por grandes empresas.<\/p>\n<div id=\"standard_5\" class=\"st-placement standard_5 inArticle\"><\/div>\n<p align=\"left\">O decreto sobre o frete mar\u00edtimo foi assinado pelo ent\u00e3o presidente em exerc\u00edcio, Hamilton Mour\u00e3o, e concedia desconto de 50% nas al\u00edquotas do adicional ao rente para renova\u00e7\u00e3o da marinha mercante a partir de 1\u00ba de janeiro deste ano.<\/p>\n<p align=\"left\">Na ocasi\u00e3o, o governo justificou a medida dizendo que isso traria impactos positivos ao setor de navega\u00e7\u00e3o \u2014 como redu\u00e7\u00e3o de custos e burocracia \u2014, o que poderia refletir em diminui\u00e7\u00e3o do pre\u00e7o de insumos fertilizantes, combust\u00edveis importados e outros produtos que comp\u00f5em a cesta b\u00e1sica.<\/p>\n<p align=\"left\">A estimativa de ren\u00fancia fiscal era de R$ 2,44 milh\u00f5es em 2023, R$ 2,49 milh\u00f5es em 2024 e R$ 2,42 milh\u00f5es em 2025.<\/p>\n<p align=\"left\">Fonte: Jornal Extra<\/p>\n","protected":false},"excerpt":{"rendered":"<p>O presidente\u00a0Luiz In\u00e1cio Lula da Silva (PT) revogou um decreto\u00a0assinado no pen\u00faltimo dia do governo Bolsonaro,\u00a0que reduzia impostos do frete mar\u00edtimo a partir de janeiro&#8230;<\/p>\n","protected":false},"author":1527,"featured_media":43263,"comment_status":"closed","ping_status":"closed","sticky":false,"template":"","format":"standard","meta":{"footnotes":""},"categories":[6],"tags":[],"class_list":["post-43262","post","type-post","status-publish","format-standard","has-post-thumbnail","hentry","category-noticias"],"_links":{"self":[{"href":"https:\/\/www.sincomam.org.br\/index.php\/wp-json\/wp\/v2\/posts\/43262","targetHints":{"allow":["GET"]}}],"collection":[{"href":"https:\/\/www.sincomam.org.br\/index.php\/wp-json\/wp\/v2\/posts"}],"about":[{"href":"https:\/\/www.sincomam.org.br\/index.php\/wp-json\/wp\/v2\/types\/post"}],"author":[{"embeddable":true,"href":"https:\/\/www.sincomam.org.br\/index.php\/wp-json\/wp\/v2\/users\/1527"}],"replies":[{"embeddable":true,"href":"https:\/\/www.sincomam.org.br\/index.php\/wp-json\/wp\/v2\/comments?post=43262"}],"version-history":[{"count":1,"href":"https:\/\/www.sincomam.org.br\/index.php\/wp-json\/wp\/v2\/posts\/43262\/revisions"}],"predecessor-version":[{"id":43264,"href":"https:\/\/www.sincomam.org.br\/index.php\/wp-json\/wp\/v2\/posts\/43262\/revisions\/43264"}],"wp:featuredmedia":[{"embeddable":true,"href":"https:\/\/www.sincomam.org.br\/index.php\/wp-json\/wp\/v2\/media\/43263"}],"wp:attachment":[{"href":"https:\/\/www.sincomam.org.br\/index.php\/wp-json\/wp\/v2\/media?parent=43262"}],"wp:term":[{"taxonomy":"category","embeddable":true,"href":"https:\/\/www.sincomam.org.br\/index.php\/wp-json\/wp\/v2\/categories?post=43262"},{"taxonomy":"post_tag","embeddable":true,"href":"https:\/\/www.sincomam.org.br\/index.php\/wp-json\/wp\/v2\/tags?post=43262"}],"curies":[{"name":"wp","href":"https:\/\/api.w.org\/{rel}","templated":true}]}}