{"id":43255,"date":"2023-01-06T11:29:13","date_gmt":"2023-01-06T14:29:13","guid":{"rendered":"http:\/\/www.sincomam.org.br\/?p=43255"},"modified":"2023-01-06T11:29:13","modified_gmt":"2023-01-06T14:29:13","slug":"covid-19-rio-retoma-vacinacao-para-maiores-de-12-anos-na-segunda","status":"publish","type":"post","link":"https:\/\/www.sincomam.org.br\/index.php\/covid-19-rio-retoma-vacinacao-para-maiores-de-12-anos-na-segunda\/","title":{"rendered":"Covid-19: Rio retoma vacina\u00e7\u00e3o para maiores de 12 anos na segunda"},"content":{"rendered":"<p>A prefeitura do Rio de Janeiro anunciou, nesta\u00a0quinta-feira (5), que a vacina\u00e7\u00e3o contra a covid-19 para pessoas com 12 anos ou mais ser\u00e1 retomada na pr\u00f3xima\u00a0segunda-feira (9). A imuniza\u00e7\u00e3o foi suspensa\u00a0por falta de vacinas, que distribu\u00eddas pelo Minist\u00e9rio da Sa\u00fade.<img decoding=\"async\" src=\"https:\/\/agenciabrasil.ebc.com.br\/ebc.png?id=1502187&amp;o=node\" \/><img decoding=\"async\" src=\"https:\/\/agenciabrasil.ebc.com.br\/ebc.gif?id=1502187&amp;o=node\" \/><\/p>\n<p>O secret\u00e1rio municipal de Sa\u00fade, Daniel Soranz, destacou que 1 milh\u00e3o de cariocas ainda n\u00e3o tomaram a dose de refor\u00e7o, e que isso deve ser feito o quanto antes. At\u00e9 o momento, a cobertura vacinal contra a covid-19 no Rio\u00a0de Janeiro\u00a0atingiu 90,2% da popula\u00e7\u00e3o total com as duas doses do esquema b\u00e1sico, subindo para 99,8% dos adultos a partir dos 18 anos.<\/p>\n<p>De acordo com a Secretaria de Estado de Sa\u00fade, n\u00e3o houve notifica\u00e7\u00e3o de outros munic\u00edpios de suspens\u00e3o da vacina\u00e7\u00e3o. A secretaria tamb\u00e9m informou que possui baixo estoque das vacinas Pfizer Pedi\u00e1trica e Baby, e que j\u00e1 enviou of\u00edcio ao Minist\u00e9rio de Sa\u00fade solicitando novas doses.<\/p>\n<p>Fonte: Ag\u00eancia Brasil<\/p>\n","protected":false},"excerpt":{"rendered":"<p>A prefeitura do Rio de Janeiro anunciou, nesta\u00a0quinta-feira (5), que a vacina\u00e7\u00e3o contra a covid-19 para pessoas com 12 anos ou mais ser\u00e1 retomada na&#8230;<\/p>\n","protected":false},"author":1527,"featured_media":43256,"comment_status":"closed","ping_status":"closed","sticky":false,"template":"","format":"standard","meta":{"footnotes":""},"categories":[6],"tags":[],"class_list":["post-43255","post","type-post","status-publish","format-standard","has-post-thumbnail","hentry","category-noticias"],"_links":{"self":[{"href":"https:\/\/www.sincomam.org.br\/index.php\/wp-json\/wp\/v2\/posts\/43255","targetHints":{"allow":["GET"]}}],"collection":[{"href":"https:\/\/www.sincomam.org.br\/index.php\/wp-json\/wp\/v2\/posts"}],"about":[{"href":"https:\/\/www.sincomam.org.br\/index.php\/wp-json\/wp\/v2\/types\/post"}],"author":[{"embeddable":true,"href":"https:\/\/www.sincomam.org.br\/index.php\/wp-json\/wp\/v2\/users\/1527"}],"replies":[{"embeddable":true,"href":"https:\/\/www.sincomam.org.br\/index.php\/wp-json\/wp\/v2\/comments?post=43255"}],"version-history":[{"count":1,"href":"https:\/\/www.sincomam.org.br\/index.php\/wp-json\/wp\/v2\/posts\/43255\/revisions"}],"predecessor-version":[{"id":43257,"href":"https:\/\/www.sincomam.org.br\/index.php\/wp-json\/wp\/v2\/posts\/43255\/revisions\/43257"}],"wp:featuredmedia":[{"embeddable":true,"href":"https:\/\/www.sincomam.org.br\/index.php\/wp-json\/wp\/v2\/media\/43256"}],"wp:attachment":[{"href":"https:\/\/www.sincomam.org.br\/index.php\/wp-json\/wp\/v2\/media?parent=43255"}],"wp:term":[{"taxonomy":"category","embeddable":true,"href":"https:\/\/www.sincomam.org.br\/index.php\/wp-json\/wp\/v2\/categories?post=43255"},{"taxonomy":"post_tag","embeddable":true,"href":"https:\/\/www.sincomam.org.br\/index.php\/wp-json\/wp\/v2\/tags?post=43255"}],"curies":[{"name":"wp","href":"https:\/\/api.w.org\/{rel}","templated":true}]}}