{"id":43222,"date":"2023-01-05T09:06:41","date_gmt":"2023-01-05T12:06:41","guid":{"rendered":"http:\/\/www.sincomam.org.br\/?p=43222"},"modified":"2023-01-05T09:06:41","modified_gmt":"2023-01-05T12:06:41","slug":"porto-de-itajai-obtem-prorrogacao-da-licenca-ambiental-de-operacao-por-dois-anos","status":"publish","type":"post","link":"https:\/\/www.sincomam.org.br\/index.php\/porto-de-itajai-obtem-prorrogacao-da-licenca-ambiental-de-operacao-por-dois-anos\/","title":{"rendered":"Porto de Itaja\u00ed obt\u00eam prorroga\u00e7\u00e3o da Licen\u00e7a Ambiental de Opera\u00e7\u00e3o por dois anos"},"content":{"rendered":"<p>A Superintend\u00eancia do Porto de Itaja\u00ed, na condi\u00e7\u00e3o de autoridade portu\u00e1ria, teve sua Licen\u00e7a Ambiental de Opera\u00e7\u00e3o (LOA) 2610\/2019 prorrogada por mais dois anos. O documento foi concedido pelo Instituto do Meio Ambiente de Santa Catarina (IMA-SC) e estava prevista para encerrar em 14 de maio de 2023.<\/p>\n<p>O IMA realizou diversos monitoramentos ambientais ao longo da vig\u00eancia da LAO, ao qual foram atendidos pela Superintend\u00eancia com base nos resultados e demais performances de cunho ambiental, sendo reconhecidas nacionalmente, e obtendo o 1\u00b0 lugar no \u00cdndice de Desenvolvimento Ambiental (IDA) da ANTAQ, em seu quarto ano consecutivo, e 1\u00b0 colocado no pr\u00eamio Via Viva 2022 (MINFRA), na categoria Porto P\u00fablico.<\/p>\n<p>\u201cO Porto de Itaja\u00ed tamb\u00e9m alcan\u00e7ou o Selo de Signat\u00e1rio 2022, com a efetiva\u00e7\u00e3o dos compromissos de ades\u00e3o ao Movimento Nacional ODS Santa Catarina com a obten\u00e7\u00e3o do certificado do Programa Selo Social 2022 (Itaja\u00ed), que contemplou como destaque o Programa de Monitoramento Ambiental do Porto de Itaja\u00ed, sempre prezando pela rela\u00e7\u00e3o Porto-Cidade, ou seja, as a\u00e7\u00f5es externas podem afetar a opera\u00e7\u00e3o portu\u00e1ria e vice versa, necessitando assim da adequa\u00e7\u00e3o \u00e0s normas ambientais e a este contexto\u201d, esclarece Jos\u00e9 Lu\u00eds Carpes, agente de autoridade portu\u00e1ria.<\/p>\n<p>Segundo o Conselho Nacional do Meio Ambiente (Conama), a Licen\u00e7a Ambiental \u00e9 uma medida administrativa por qual o \u00f3rg\u00e3o competente licencia a sua localiza\u00e7\u00e3o, instala\u00e7\u00e3o e opera\u00e7\u00e3o em determinado empreendimento enquanto poss\u00edvel poluidor \u2013 estando sujeito a regulamenta\u00e7\u00f5es e disposi\u00e7\u00f5es legais aplic\u00e1veis ao caso.<\/p>\n<p>No ano de 2020, o Porto de Itaja\u00ed realizou a implementa\u00e7\u00e3o do Sistema de Gest\u00e3o Ambiental (SGA), sendo certificado pela ISO 14001:2015, que trouxe um diferencial importante e decisivo para a prorroga\u00e7\u00e3o (LOA) 2610\/2019.<\/p>\n<p>Fonte: Portos e Navios<\/p>\n","protected":false},"excerpt":{"rendered":"<p>A Superintend\u00eancia do Porto de Itaja\u00ed, na condi\u00e7\u00e3o de autoridade portu\u00e1ria, teve sua Licen\u00e7a Ambiental de Opera\u00e7\u00e3o (LOA) 2610\/2019 prorrogada por mais dois anos. O&#8230;<\/p>\n","protected":false},"author":1527,"featured_media":43223,"comment_status":"closed","ping_status":"closed","sticky":false,"template":"","format":"standard","meta":{"footnotes":""},"categories":[6],"tags":[],"class_list":["post-43222","post","type-post","status-publish","format-standard","has-post-thumbnail","hentry","category-noticias"],"_links":{"self":[{"href":"https:\/\/www.sincomam.org.br\/index.php\/wp-json\/wp\/v2\/posts\/43222","targetHints":{"allow":["GET"]}}],"collection":[{"href":"https:\/\/www.sincomam.org.br\/index.php\/wp-json\/wp\/v2\/posts"}],"about":[{"href":"https:\/\/www.sincomam.org.br\/index.php\/wp-json\/wp\/v2\/types\/post"}],"author":[{"embeddable":true,"href":"https:\/\/www.sincomam.org.br\/index.php\/wp-json\/wp\/v2\/users\/1527"}],"replies":[{"embeddable":true,"href":"https:\/\/www.sincomam.org.br\/index.php\/wp-json\/wp\/v2\/comments?post=43222"}],"version-history":[{"count":1,"href":"https:\/\/www.sincomam.org.br\/index.php\/wp-json\/wp\/v2\/posts\/43222\/revisions"}],"predecessor-version":[{"id":43224,"href":"https:\/\/www.sincomam.org.br\/index.php\/wp-json\/wp\/v2\/posts\/43222\/revisions\/43224"}],"wp:featuredmedia":[{"embeddable":true,"href":"https:\/\/www.sincomam.org.br\/index.php\/wp-json\/wp\/v2\/media\/43223"}],"wp:attachment":[{"href":"https:\/\/www.sincomam.org.br\/index.php\/wp-json\/wp\/v2\/media?parent=43222"}],"wp:term":[{"taxonomy":"category","embeddable":true,"href":"https:\/\/www.sincomam.org.br\/index.php\/wp-json\/wp\/v2\/categories?post=43222"},{"taxonomy":"post_tag","embeddable":true,"href":"https:\/\/www.sincomam.org.br\/index.php\/wp-json\/wp\/v2\/tags?post=43222"}],"curies":[{"name":"wp","href":"https:\/\/api.w.org\/{rel}","templated":true}]}}