{"id":4322,"date":"2014-03-19T08:10:29","date_gmt":"2014-03-19T11:10:29","guid":{"rendered":"http:\/\/www.sincomam.org.br\/?p=4322"},"modified":"2014-03-18T20:22:41","modified_gmt":"2014-03-18T23:22:41","slug":"nivel-do-madeira-chega-a-1919-m-e-estrada-de-ferro-e-interditada-em-ro","status":"publish","type":"post","link":"https:\/\/www.sincomam.org.br\/index.php\/nivel-do-madeira-chega-a-1919-m-e-estrada-de-ferro-e-interditada-em-ro\/","title":{"rendered":"N\u00edvel do Madeira chega a 19,19 m e estrada de ferro \u00e9 interditada, em RO"},"content":{"rendered":"<p><b><i>Marinha fiscalizar\u00e1 embarca\u00e7\u00f5es; isolamento deve ser conclu\u00eddo at\u00e9 sexta<\/i><\/b><\/p>\n<p>Duzentos metros da Estrada de Ferro Madeira-Mamor\u00e9 (EFMM) ser\u00e3o interditados at\u00e9 a pr\u00f3xima sexta-feira (20), em Porto Velho. Tapumes isolar\u00e3o os barrac\u00f5es e as pe\u00e7as tombadas como patrim\u00f4nio hist\u00f3rico e cultural, que est\u00e3o submersos pela cheia do Rio Madeira.\u00a0 A preocupa\u00e7\u00e3o maior das autoridades \u00e9 com a contra\u00e7\u00e3o de doen\u00e7as tropicais e o risco de afogamento de crian\u00e7as, que se arriscam para registrar a enchente em fotografias. O n\u00edvel do Rio Madeira alcan\u00e7ou 19,19 metros nesta ter\u00e7a-feira (18), de acordo com a Ag\u00eancia Nacional de \u00c1guas (ANA), uma alta de 5 cent\u00edmetros em 24 horas.<\/p>\n<p>\u201cJ\u00e1 n\u00e3o consideramos aquele local como ponto tur\u00edstico neste momento. A interdi\u00e7\u00e3o \u00e9 por medida de seguran\u00e7a e preven\u00e7\u00e3o a doen\u00e7as\u201d, informou o coronel Demargli Farias, do Corpo de Bombeiros.\u00a0 A Pol\u00edcia Militar far\u00e1 rondas de hora em hora, alertando sobre o perigo. Os turistas e populares residentes na capital s\u00f3 poder\u00e3o registrar a enchentes, por fotos e v\u00eddeo, de uma dist\u00e2ncia estimada em 30 metros desde a margem do rio.<\/p>\n<p>Segundo a Defesa Civil, a Marinha do Brasil j\u00e1 foi acionada para controlar o tr\u00e1fego de embarca\u00e7\u00f5es no porto. \u201cCertamente, aqueles que n\u00e3o possu\u00edrem autoriza\u00e7\u00e3o ser\u00e3o autuados\u201d, afirmou o coronel.\u00a0 Segundo ele, \u201cnem toda a rede el\u00e9trica foi desativada, aumentando o risco\u201d.<\/p>\n<p>Por meio de sua assessoria, a Eletrobras Distribui\u00e7\u00e3o Rond\u00f4nia informou que recebeu o comunicado da Defesa Civil sobre a situa\u00e7\u00e3o e que as devidas provid\u00eancias est\u00e3o sendo tomadas.<\/p>\n<p>Fonte: G1<\/p>\n","protected":false},"excerpt":{"rendered":"<p>Marinha fiscalizar\u00e1 embarca\u00e7\u00f5es; isolamento deve ser conclu\u00eddo at\u00e9 sexta Duzentos metros da Estrada de Ferro Madeira-Mamor\u00e9 (EFMM) ser\u00e3o interditados at\u00e9 a pr\u00f3xima sexta-feira (20), em&#8230;<\/p>\n","protected":false},"author":1182,"featured_media":4181,"comment_status":"closed","ping_status":"closed","sticky":false,"template":"","format":"standard","meta":{"footnotes":""},"categories":[6],"tags":[769,770,771,750,723,768],"class_list":["post-4322","post","type-post","status-publish","format-standard","has-post-thumbnail","hentry","category-noticias","tag-19-m","tag-estrada","tag-ferro","tag-interditada","tag-rio-madeira","tag-sobe-19"],"_links":{"self":[{"href":"https:\/\/www.sincomam.org.br\/index.php\/wp-json\/wp\/v2\/posts\/4322","targetHints":{"allow":["GET"]}}],"collection":[{"href":"https:\/\/www.sincomam.org.br\/index.php\/wp-json\/wp\/v2\/posts"}],"about":[{"href":"https:\/\/www.sincomam.org.br\/index.php\/wp-json\/wp\/v2\/types\/post"}],"author":[{"embeddable":true,"href":"https:\/\/www.sincomam.org.br\/index.php\/wp-json\/wp\/v2\/users\/1182"}],"replies":[{"embeddable":true,"href":"https:\/\/www.sincomam.org.br\/index.php\/wp-json\/wp\/v2\/comments?post=4322"}],"version-history":[{"count":1,"href":"https:\/\/www.sincomam.org.br\/index.php\/wp-json\/wp\/v2\/posts\/4322\/revisions"}],"predecessor-version":[{"id":4323,"href":"https:\/\/www.sincomam.org.br\/index.php\/wp-json\/wp\/v2\/posts\/4322\/revisions\/4323"}],"wp:featuredmedia":[{"embeddable":true,"href":"https:\/\/www.sincomam.org.br\/index.php\/wp-json\/wp\/v2\/media\/4181"}],"wp:attachment":[{"href":"https:\/\/www.sincomam.org.br\/index.php\/wp-json\/wp\/v2\/media?parent=4322"}],"wp:term":[{"taxonomy":"category","embeddable":true,"href":"https:\/\/www.sincomam.org.br\/index.php\/wp-json\/wp\/v2\/categories?post=4322"},{"taxonomy":"post_tag","embeddable":true,"href":"https:\/\/www.sincomam.org.br\/index.php\/wp-json\/wp\/v2\/tags?post=4322"}],"curies":[{"name":"wp","href":"https:\/\/api.w.org\/{rel}","templated":true}]}}