{"id":43214,"date":"2023-01-04T13:02:29","date_gmt":"2023-01-04T16:02:29","guid":{"rendered":"http:\/\/www.sincomam.org.br\/?p=43214"},"modified":"2023-01-04T13:02:29","modified_gmt":"2023-01-04T16:02:29","slug":"com1odn-realiza-exercicio-de-apresentacao-da-reserva","status":"publish","type":"post","link":"https:\/\/www.sincomam.org.br\/index.php\/com1odn-realiza-exercicio-de-apresentacao-da-reserva\/","title":{"rendered":"Com1\u00baDN realiza \u201cExerc\u00edcio de Apresenta\u00e7\u00e3o da Reserva\u201d"},"content":{"rendered":"<p>Entre os dias 09 e 16 de dezembro, o Comando do 1\u00ba Distrito Naval (Com1\u00baDN) realizou o Exerc\u00edcio de Apresenta\u00e7\u00e3o da Reserva (EXAR), na sua sede, localizada na Pra\u00e7a Mau\u00e1, no Centro do Rio de Janeiro.<\/p>\n<p>O prop\u00f3sito do evento, foi atualizar e regularizar os dados militares do pessoal que entrou para reserva nos \u00faltimos cinco anos. Ao todo, passaram cerca de 873 militares da reserva pelo setor de atendimento ao p\u00fablico do Com1\u00baDN.<\/p>\n<div class=\"td-a-rec td-a-rec-id-content_inline td_uid_2_63b4663bc4325_rand td_block_template_11\"><\/div>\n<p>No encerramento do EXAR, em 16 de dezembro, ainda foi poss\u00edvel comemorar o \u201cDia do Reservista\u201d, data que homenageia o anivers\u00e1rio do poeta Olavo Bilac, que, com seu esfor\u00e7o, contribuiu sobremaneira para tornar o servi\u00e7o militar obrigat\u00f3rio.<\/p>\n<p>Fonte: Defesa em Foco<\/p>\n","protected":false},"excerpt":{"rendered":"<p>Entre os dias 09 e 16 de dezembro, o Comando do 1\u00ba Distrito Naval (Com1\u00baDN) realizou o Exerc\u00edcio de Apresenta\u00e7\u00e3o da Reserva (EXAR), na sua&#8230;<\/p>\n","protected":false},"author":1527,"featured_media":43215,"comment_status":"closed","ping_status":"closed","sticky":false,"template":"","format":"standard","meta":{"footnotes":""},"categories":[6],"tags":[],"class_list":["post-43214","post","type-post","status-publish","format-standard","has-post-thumbnail","hentry","category-noticias"],"_links":{"self":[{"href":"https:\/\/www.sincomam.org.br\/index.php\/wp-json\/wp\/v2\/posts\/43214","targetHints":{"allow":["GET"]}}],"collection":[{"href":"https:\/\/www.sincomam.org.br\/index.php\/wp-json\/wp\/v2\/posts"}],"about":[{"href":"https:\/\/www.sincomam.org.br\/index.php\/wp-json\/wp\/v2\/types\/post"}],"author":[{"embeddable":true,"href":"https:\/\/www.sincomam.org.br\/index.php\/wp-json\/wp\/v2\/users\/1527"}],"replies":[{"embeddable":true,"href":"https:\/\/www.sincomam.org.br\/index.php\/wp-json\/wp\/v2\/comments?post=43214"}],"version-history":[{"count":1,"href":"https:\/\/www.sincomam.org.br\/index.php\/wp-json\/wp\/v2\/posts\/43214\/revisions"}],"predecessor-version":[{"id":43216,"href":"https:\/\/www.sincomam.org.br\/index.php\/wp-json\/wp\/v2\/posts\/43214\/revisions\/43216"}],"wp:featuredmedia":[{"embeddable":true,"href":"https:\/\/www.sincomam.org.br\/index.php\/wp-json\/wp\/v2\/media\/43215"}],"wp:attachment":[{"href":"https:\/\/www.sincomam.org.br\/index.php\/wp-json\/wp\/v2\/media?parent=43214"}],"wp:term":[{"taxonomy":"category","embeddable":true,"href":"https:\/\/www.sincomam.org.br\/index.php\/wp-json\/wp\/v2\/categories?post=43214"},{"taxonomy":"post_tag","embeddable":true,"href":"https:\/\/www.sincomam.org.br\/index.php\/wp-json\/wp\/v2\/tags?post=43214"}],"curies":[{"name":"wp","href":"https:\/\/api.w.org\/{rel}","templated":true}]}}