{"id":43208,"date":"2023-01-04T12:57:49","date_gmt":"2023-01-04T15:57:49","guid":{"rendered":"http:\/\/www.sincomam.org.br\/?p=43208"},"modified":"2023-01-04T12:57:49","modified_gmt":"2023-01-04T15:57:49","slug":"empresas-no-porto-de-santos-iniciam-recrutamento-urgente-para-profissionais-de-varias-areas","status":"publish","type":"post","link":"https:\/\/www.sincomam.org.br\/index.php\/empresas-no-porto-de-santos-iniciam-recrutamento-urgente-para-profissionais-de-varias-areas\/","title":{"rendered":"Empresas no Porto de Santos iniciam recrutamento urgente para profissionais de v\u00e1rias \u00e1reas"},"content":{"rendered":"<p>O porto de Santos funciona como um conjunto de terminais para armazenamento e movimenta\u00e7\u00e3o de cargas e passageiros instalados ao longo do boqueir\u00e3o de Santos, \u00e9 o maior j\u00e1 constru\u00eddo na Am\u00e9rica Latina, ocupando desde o Guaruj\u00e1 at\u00e9 os limites de Cubat\u00e3o.<\/p>\n<div class=\"code-block code-block-1\">\n<p>Na parte do Porto Organizado as \u00e1reas s\u00e3o pertencentes \u00e0 Uni\u00e3o e os limites s\u00e3o estabelecidos atrav\u00e9s da portaria ministerial, em rela\u00e7\u00e3o \u00e0 parte de dentro do complexo Portu\u00e1rio, os terminais operam conforme a jurisdi\u00e7\u00e3o da SPA, que chefia as normas e os regulamentos de explora\u00e7\u00e3o do Porto.<\/p>\n<p>Al\u00e9m da SPA e dos terminais, v\u00e1rios agentes p\u00fablicos e privados operam no porto, desde o ano de 1993 quando foi sancionada a Lei de Moderniza\u00e7\u00e3o dos Portos, a SPA deixou de operar cargas e terminais, sendo respons\u00e1vel apenas por servi\u00e7os de manuten\u00e7\u00e3o das infraestruturas aquavi\u00e1rias e terrestres comuns.<\/p>\n<h2>Vagas de emprego em aberto no Porto de Santos<\/h2>\n<p>O complexo est\u00e1 a um passo de ter sua administra\u00e7\u00e3o entregue \u00e0 iniciativa privada, com o processo correndo rapidamente a previs\u00e3o \u00e9 de que logo ser\u00e1 desestatizado, ap\u00f3s passar por diversas an\u00e1lises e projetos o governo est\u00e1 autorizando o\u00a0<a href=\"https:\/\/petrosolgas.com.br\/bndes-e-embrapii-realizam-evento-com-investimento-de-r-25-milhoes-para-projetos-do-ramo-dos-novos-biocombustiveis-no-pais\/\" target=\"_blank\" rel=\"noopener\" data-wpel-link=\"internal\">BNDES<\/a>\u00a0a prosseguir com a venda.<\/p>\n<p>Com a privatiza\u00e7\u00e3o, diversas empresas que j\u00e1 atuam no porto est\u00e3o realizando investimentos e companhias como a ABA Infra, BTP e Medlog possuem diversas vagas de emprego no Porto de Santos abertas. Confira abaixo algumas das oportunidades dispon\u00edveis para atua\u00e7\u00e3o no complexo portu\u00e1rio de Santos:<\/p>\n<h3>Encarregado de P\u00e1tio da empresa Medlog<\/h3>\n<p>A empresa Medlog est\u00e1 em busca de um profissional que tenha esp\u00edrito de lideran\u00e7a, controle os servi\u00e7os prestados no p\u00e1tio, tais como: otimizar a organiza\u00e7\u00e3o do empilhamento de cont\u00eaineres, fazer a transmiss\u00e3o de instru\u00e7\u00f5es t\u00e9cnicas \u00e0 sua equipe e planejar\/executar a opera\u00e7\u00e3o log\u00edstica do p\u00e1tio.<\/p>\n<p>Para conferir mais informa\u00e7\u00f5es sobre o cargo e outras vagas dispon\u00edveis \u00e9 necess\u00e1rio<strong>\u00a0<a href=\"https:\/\/www.vagas.com.br\/vagas\/v2464434\/encarregado-de-patio\" target=\"_blank\" rel=\"noopener external noreferrer\" data-wpel-link=\"external\">acessar a p\u00e1gina<\/a>\u00a0da empresa<\/strong>\u00a0na plataforma Vagas, no site \u00e9 poss\u00edvel realizar o cadastro para concorrer no processo de sele\u00e7\u00e3o.<\/p>\n<p>Os benef\u00edcios que a empresa disponibiliza ao colaborador s\u00e3o: assist\u00eancia m\u00e9dica, assist\u00eancia odontol\u00f3gica, seguro de vida, vale-refei\u00e7\u00e3o, vale-alimenta\u00e7\u00e3o e vale-transporte.<\/p>\n<h3>Analista de comunica\u00e7\u00e3o da empresa BTP<\/h3>\n<p>A empresa BTP est\u00e1 em busca de um profissional que proponha e avalie patroc\u00ednios, garanta a melhor efici\u00eancia e mix de marca, avalie e proponha planos de m\u00eddia, al\u00e9m de monitorar o desempenho de eventos e campanhas duradouras com a finalidade de desenvolver melhorias e planejamentos de eventos.<\/p>\n<p>Para realizar a candidatura na oportunidade e conferir mais informa\u00e7\u00f5es sobre o cargo e outras vagas dispon\u00edveis \u00e9 necess\u00e1rio\u00a0<strong><a href=\"https:\/\/www.vagas.com.br\/vagas\/v2470498\/analista-de-comunicacao-junior\" target=\"_blank\" rel=\"noopener external noreferrer\" data-wpel-link=\"external\">acessar o site<\/a>\u00a0de oportunidade da empresa.<\/strong><\/p>\n<p>A\u00a0 BTP disponibiliza alguns benef\u00edcios ao colaborador, tais como: assist\u00eancia m\u00e9dica (Unimed Santos\/Coparticipa\u00e7\u00e3o), plano odontol\u00f3gico (MetLife), seguro de vida em grupo, refeit\u00f3rio, vale-refei\u00e7\u00e3o ou vale-alimenta\u00e7\u00e3o, gympass, conv\u00eanio farm\u00e1cia, universidade corporativa BTP e mais.<\/p>\n<h3>Assistente Cont\u00e1bil J\u00fanior da empresa ABA Infra<\/h3>\n<p>A empresa ABA Infra est\u00e1 em busca de um candidato que efetue concilia\u00e7\u00f5es de contas patrimoniais, fa\u00e7a lan\u00e7amentos cont\u00e1beis, realize concilia\u00e7\u00e3o banc\u00e1ria, o profissional ainda ser\u00e1 respons\u00e1vel por contas a pagar e a receber e realizar a classifica\u00e7\u00e3o de imobiliza\u00e7\u00e3o.<\/p>\n<p>Os requisitos solicitados pela empresa para preenchimento da vaga s\u00e3o: ensino superior cursando em ci\u00eancias cont\u00e1beis ou \u00e1reas correlatas e ter conhecimento do pacote office. Os candidatos interessados devem enviar o curr\u00edculo atualizado para o e-mail\u00a0<a href=\"mailto:rhabainfra@abainfra.com.br\">rhabainfra@abainfra.com.br<\/a>.<\/p>\n<h2>Confira outras vagas dispon\u00edveis no Porto de Santos<\/h2>\n<p>Confira abaixo algumas das vagas dispon\u00edveis no Porto de Santos para diferentes empresas, clique nos links para conferir mais informa\u00e7\u00f5es:<\/p>\n<ul>\n<li><a href=\"https:\/\/www.vagas.com.br\/vagas\/v2469343\/estagio-em-meio-ambiente\" target=\"_blank\" rel=\"noopener external noreferrer\" data-wpel-link=\"external\">Est\u00e1gio em Meio Ambiente<\/a>;<\/li>\n<li><a href=\"https:\/\/www.vagas.com.br\/vagas\/v2465374\/analista-financeiro-senior\" target=\"_blank\" rel=\"noopener external noreferrer\" data-wpel-link=\"external\">Analista Financeiro S\u00eanior<\/a>;<\/li>\n<li><a href=\"https:\/\/www.vagas.com.br\/vagas\/v2468050\/assistente-de-atendimento-hibrido\" target=\"_blank\" rel=\"noopener external noreferrer\" data-wpel-link=\"external\">Assistente de Atendimento<\/a>;<\/li>\n<li><a href=\"https:\/\/www.vagas.com.br\/vagas\/v2464395\/comprador-jr\" target=\"_blank\" rel=\"noopener external noreferrer\" data-wpel-link=\"external\">Comprador J\u00fanior<\/a>;<\/li>\n<li><a href=\"https:\/\/www.vagas.com.br\/vagas\/v2465367\/analista-financeiro-pleno\" target=\"_blank\" rel=\"noopener external noreferrer\" data-wpel-link=\"external\">Analista Financeiro Pleno<\/a>;<\/li>\n<li><a href=\"https:\/\/www.vagas.com.br\/vagas\/v2465428\/analista-de-contas-a-receber\" target=\"_blank\" rel=\"noopener external noreferrer\" data-wpel-link=\"external\">Analista de Contas a Receber<\/a>;<\/li>\n<li><a href=\"https:\/\/www.vagas.com.br\/vagas\/v2465053\/comprador-pleno-capex\" target=\"_blank\" rel=\"noopener external noreferrer\" data-wpel-link=\"external\">Comprador Pleno<\/a>;<\/li>\n<li><a href=\"https:\/\/www.vagas.com.br\/vagas\/v2444161\/analista-de-atendimento-pos-venda-coordenacao-de-embarque-hibrido\" target=\"_blank\" rel=\"noopener external noreferrer\" data-wpel-link=\"external\">Analista de Atendimento P\u00f3s-Venda<\/a>;<\/li>\n<li><a href=\"https:\/\/www.vagas.com.br\/vagas\/v2466774\/analista-de-controladoria\" target=\"_blank\" rel=\"noopener external noreferrer\" data-wpel-link=\"external\">Analista de Controladoria<\/a>;<\/li>\n<li><a href=\"https:\/\/www.vagas.com.br\/vagas\/v2468286\/estagio-execucao-internacional\" target=\"_blank\" rel=\"noopener external noreferrer\" data-wpel-link=\"external\">Est\u00e1gio Execu\u00e7\u00e3o Internacional<\/a>.<\/li>\n<\/ul>\n<div id=\"taboola-below-article-thumbnails\" class=\" trc_related_container trc_spotlight_widget tbl-feed-container tbl-feed-frame-DIVIDER  render-late-effect\" data-feed-container-num=\"1\" data-feed-main-container-id=\"taboola-below-article-thumbnails\" data-parent-placement-name=\"Below Article Thumbnails\" data-pub-lang=\"pt\">\n<div class=\" tbl-feed-header tbl-logo-right-position\">\n<div class=\"tbl-feed-header-logo\">Fonte: Petrosolgas<\/div>\n<\/div>\n<\/div>\n<\/div>\n","protected":false},"excerpt":{"rendered":"<p>O porto de Santos funciona como um conjunto de terminais para armazenamento e movimenta\u00e7\u00e3o de cargas e passageiros instalados ao longo do boqueir\u00e3o de Santos,&#8230;<\/p>\n","protected":false},"author":1527,"featured_media":43209,"comment_status":"closed","ping_status":"closed","sticky":false,"template":"","format":"standard","meta":{"footnotes":""},"categories":[6],"tags":[],"class_list":["post-43208","post","type-post","status-publish","format-standard","has-post-thumbnail","hentry","category-noticias"],"_links":{"self":[{"href":"https:\/\/www.sincomam.org.br\/index.php\/wp-json\/wp\/v2\/posts\/43208","targetHints":{"allow":["GET"]}}],"collection":[{"href":"https:\/\/www.sincomam.org.br\/index.php\/wp-json\/wp\/v2\/posts"}],"about":[{"href":"https:\/\/www.sincomam.org.br\/index.php\/wp-json\/wp\/v2\/types\/post"}],"author":[{"embeddable":true,"href":"https:\/\/www.sincomam.org.br\/index.php\/wp-json\/wp\/v2\/users\/1527"}],"replies":[{"embeddable":true,"href":"https:\/\/www.sincomam.org.br\/index.php\/wp-json\/wp\/v2\/comments?post=43208"}],"version-history":[{"count":1,"href":"https:\/\/www.sincomam.org.br\/index.php\/wp-json\/wp\/v2\/posts\/43208\/revisions"}],"predecessor-version":[{"id":43210,"href":"https:\/\/www.sincomam.org.br\/index.php\/wp-json\/wp\/v2\/posts\/43208\/revisions\/43210"}],"wp:featuredmedia":[{"embeddable":true,"href":"https:\/\/www.sincomam.org.br\/index.php\/wp-json\/wp\/v2\/media\/43209"}],"wp:attachment":[{"href":"https:\/\/www.sincomam.org.br\/index.php\/wp-json\/wp\/v2\/media?parent=43208"}],"wp:term":[{"taxonomy":"category","embeddable":true,"href":"https:\/\/www.sincomam.org.br\/index.php\/wp-json\/wp\/v2\/categories?post=43208"},{"taxonomy":"post_tag","embeddable":true,"href":"https:\/\/www.sincomam.org.br\/index.php\/wp-json\/wp\/v2\/tags?post=43208"}],"curies":[{"name":"wp","href":"https:\/\/api.w.org\/{rel}","templated":true}]}}