{"id":43184,"date":"2023-01-03T09:19:45","date_gmt":"2023-01-03T12:19:45","guid":{"rendered":"http:\/\/www.sincomam.org.br\/?p=43184"},"modified":"2023-01-03T09:19:45","modified_gmt":"2023-01-03T12:19:45","slug":"porto-de-suape-e-a-autoridade-maritima-do-panama-assinam-acordo-de-cooperacao-tecnica","status":"publish","type":"post","link":"https:\/\/www.sincomam.org.br\/index.php\/porto-de-suape-e-a-autoridade-maritima-do-panama-assinam-acordo-de-cooperacao-tecnica\/","title":{"rendered":"Porto de Suape e a Autoridade Mar\u00edtima do Panam\u00e1 assinam acordo de coopera\u00e7\u00e3o t\u00e9cnica"},"content":{"rendered":"<p>O Complexo Industrial Portu\u00e1rio de Suape e a Autoridade Mar\u00edtima do Panam\u00e1 (AMP) assinaram termo de coopera\u00e7\u00e3o t\u00e9cnica com o prop\u00f3sito de compartilhar experi\u00eancias nas opera\u00e7\u00f5es portu\u00e1rias e no desenvolvimento de a\u00e7\u00f5es socioambientais que promovam o crescimento econ\u00f4mico com sustentabilidade. O conv\u00eanio \u00e9 fruto de uma visita realizada pelo presidente da estatal, Francisco Martins (na \u00e9poca diretor de Planejamento e Gest\u00e3o de Suape), \u00e0 dire\u00e7\u00e3o da AMP, na Cidade do Panam\u00e1, em agosto de 2022. O termo de coopera\u00e7\u00e3o foi assinado no \u00faltimo dia 30 de dezembro.<\/p>\n<p>O termo de coopera\u00e7\u00e3o t\u00e9cnica tem tamb\u00e9m o objetivo de elevar o n\u00edvel de desenvolvimento econ\u00f4mico por meio de maiores indicadores de efici\u00eancia operacional, melhores pr\u00e1ticas de gest\u00e3o ambiental e social para contribui\u00e7\u00e3o e consequente alcance dos 17 Objetivos de Desenvolvimento Sustent\u00e1vel (ODS) da Organiza\u00e7\u00e3o das Na\u00e7\u00f5es Unidas. \u201cTrata-se de uma das maiores metas do complexo industrial portu\u00e1rio, j\u00e1 alinhado com as boas pr\u00e1ticas ESG (sigla em ingl\u00eas para gest\u00e3o ambiental, social e governan\u00e7a).<\/p>\n<p>\u201cSuape \u00e9 refer\u00eancia em \u00e1reas importantes, transcendendo as fronteiras do Brasil num ambiente absolutamente globalizado como a log\u00edstica do transporte mar\u00edtimo. Parceiros de excel\u00eancia como a AMP v\u00e3o trazer muitos benef\u00edcios para o nosso porto, pois a entidade tem a responsabilidade sobre terminais em uma estrutura essencial para a log\u00edstica global de transporte via Canal do Panam\u00e1\u201d, afirma Francisco Martins.<\/p>\n<p>O acordo de coopera\u00e7\u00e3o ainda tem por objetivo criar conex\u00f5es com parceiros internacionais, assim como a viabiliza\u00e7\u00e3o de novas rotas mar\u00edtimas. \u201cIsso reflete diretamente no aumento da movimenta\u00e7\u00e3o de cargas e no incremento nos neg\u00f3cios para o porto, dinamizando a economia de Pernambuco e da regi\u00e3o\u201d, ressalta o gestor.<\/p>\n<div class=\"addtoany_container\">Fonte: Portos e Navios<\/div>\n","protected":false},"excerpt":{"rendered":"<p>O Complexo Industrial Portu\u00e1rio de Suape e a Autoridade Mar\u00edtima do Panam\u00e1 (AMP) assinaram termo de coopera\u00e7\u00e3o t\u00e9cnica com o prop\u00f3sito de compartilhar experi\u00eancias nas&#8230;<\/p>\n","protected":false},"author":1527,"featured_media":43185,"comment_status":"closed","ping_status":"closed","sticky":false,"template":"","format":"standard","meta":{"footnotes":""},"categories":[6],"tags":[],"class_list":["post-43184","post","type-post","status-publish","format-standard","has-post-thumbnail","hentry","category-noticias"],"_links":{"self":[{"href":"https:\/\/www.sincomam.org.br\/index.php\/wp-json\/wp\/v2\/posts\/43184","targetHints":{"allow":["GET"]}}],"collection":[{"href":"https:\/\/www.sincomam.org.br\/index.php\/wp-json\/wp\/v2\/posts"}],"about":[{"href":"https:\/\/www.sincomam.org.br\/index.php\/wp-json\/wp\/v2\/types\/post"}],"author":[{"embeddable":true,"href":"https:\/\/www.sincomam.org.br\/index.php\/wp-json\/wp\/v2\/users\/1527"}],"replies":[{"embeddable":true,"href":"https:\/\/www.sincomam.org.br\/index.php\/wp-json\/wp\/v2\/comments?post=43184"}],"version-history":[{"count":1,"href":"https:\/\/www.sincomam.org.br\/index.php\/wp-json\/wp\/v2\/posts\/43184\/revisions"}],"predecessor-version":[{"id":43186,"href":"https:\/\/www.sincomam.org.br\/index.php\/wp-json\/wp\/v2\/posts\/43184\/revisions\/43186"}],"wp:featuredmedia":[{"embeddable":true,"href":"https:\/\/www.sincomam.org.br\/index.php\/wp-json\/wp\/v2\/media\/43185"}],"wp:attachment":[{"href":"https:\/\/www.sincomam.org.br\/index.php\/wp-json\/wp\/v2\/media?parent=43184"}],"wp:term":[{"taxonomy":"category","embeddable":true,"href":"https:\/\/www.sincomam.org.br\/index.php\/wp-json\/wp\/v2\/categories?post=43184"},{"taxonomy":"post_tag","embeddable":true,"href":"https:\/\/www.sincomam.org.br\/index.php\/wp-json\/wp\/v2\/tags?post=43184"}],"curies":[{"name":"wp","href":"https:\/\/api.w.org\/{rel}","templated":true}]}}