{"id":43178,"date":"2023-01-03T08:40:11","date_gmt":"2023-01-03T11:40:11","guid":{"rendered":"http:\/\/www.sincomam.org.br\/?p=43178"},"modified":"2023-01-03T08:40:11","modified_gmt":"2023-01-03T11:40:11","slug":"com-duas-areas-portuarias-prestes-a-serem-leiloadas-parana-preve-investimentos-de-r-12-bilhao","status":"publish","type":"post","link":"https:\/\/www.sincomam.org.br\/index.php\/com-duas-areas-portuarias-prestes-a-serem-leiloadas-parana-preve-investimentos-de-r-12-bilhao\/","title":{"rendered":"Com duas \u00e1reas portu\u00e1rias prestes a serem leiloadas, Paran\u00e1 prev\u00ea investimentos de R$ 1,2 bilh\u00e3o"},"content":{"rendered":"<p>A empresa p\u00fablica Portos do Paran\u00e1 come\u00e7a o ano com duas novas \u00e1reas operacionais prontas para serem arrendadas. A PAR09, de 24 mil metros quadrados, \u00e9 destinada \u00e0 movimenta\u00e7\u00e3o e armazenagem de graneis s\u00f3lidos vegetais. J\u00e1 a PAR50, com 85 mil metros quadrados, \u00e9 voltada para gran\u00e9is l\u00edquidos. Ambas ficam no lado oeste do cais do porto de Paranagu\u00e1 e ser\u00e3o leiloadas na B3, a bolsa de valores do Brasil, no dia 24 de fevereiro. Os investimentos previstos somam R$ 1,2 bilh\u00e3o \u2013 R$ 910,6 milh\u00f5es para a PAR09 e R$ 338,2 milh\u00f5es para a PAR50.<\/p>\n<p>\u201cEncerramos estes quatro anos com um balan\u00e7o muito positivo na regulariza\u00e7\u00e3o de \u00e1reas portu\u00e1rias no estado e come\u00e7amos o ano com novos processos em andamento\u201d, comenta o diretor-presidente da Portos do Paran\u00e1, Luiz Fernando Garcia. Desde 2019, foram arrendadas as seguintes \u00e1reas com seus respectivos investimentos: PAR01 (R$ 87 milh\u00f5es), PAR12 (R$ 22 milh\u00f5es) e a PAR32 (R$ 4,17 milh\u00f5es). Em andamento, al\u00e9m das duas \u00e1reas com previs\u00e3o de leil\u00e3o, est\u00e3o a PAR14 e a PAR15.<\/p>\n<p>\u201cOs leil\u00f5es d\u00e3o maior seguran\u00e7a jur\u00eddica e operacional para o porto. Al\u00e9m de os vencedores terem as obriga\u00e7\u00f5es de investir nas \u00e1reas, que ao final do per\u00edodo do arrendamento voltam para o poder p\u00fablico, o porto passou a receber os valores dos lances vencedores, que at\u00e9 2019 iam para o governo federal\u201d, completa Garcia.<\/p>\n<p>Al\u00e9m da PAR09 e PAR50, a PAR14 e PAR15 tiveram as consultas e audi\u00eancia p\u00fablicas realizadas em 2022. Essas est\u00e3o com os processos em fases de an\u00e1lises das contribui\u00e7\u00f5es recebidas nas consultas e audi\u00eancias p\u00fablicas. As respostas ser\u00e3o publicadas nos sites da Portos do Paran\u00e1 e da Ag\u00eancia Nacional de Transporte Aquavi\u00e1rio (Antaq) e, na sequ\u00eancia, o processo segue para o Tribunal de Contas da Uni\u00e3o (TCU).<\/p>\n<p>Localizadas a leste do Porto de Paranagu\u00e1, as \u00e1reas s\u00e3o destinadas \u00e0 movimenta\u00e7\u00e3o e armazenagem de gran\u00e9is s\u00f3lidos vegetais. A PAR14 tem 49.841 m\u00b2 e prev\u00ea investimento de cerca de R$ 1,2 bilh\u00e3o. Na PAR15, com 38.859 m\u00b2, o investimento previsto \u00e9 de R$ 656,8 milh\u00f5es. Ambas s\u00e3o \u00e1reas j\u00e1 ocupadas e operacionais.<\/p>\n<p>A Portos do Paran\u00e1 prepara, ainda, estudos sobre dois outros leil\u00f5es. Segundo o gerente de arrendamentos da empresa p\u00fablica, Rossano Reolon, o objetivo \u00e9 regularizar \u00e1reas e atrair novos investimentos. \u201cIsso significa garantir estruturas modernas e otimizadas, que d\u00e3o mais efici\u00eancia nas opera\u00e7\u00f5es portu\u00e1rias e geram mais empregos e renda. Os neg\u00f3cios s\u00e3o atrativos para o mercado e os processos transparentes e abertos para toda comunidade portu\u00e1ria\u201d, destaca.<\/p>\n<p>Com estudos mais avan\u00e7ados, a PAR03 ser\u00e1 destinada \u00e0 movimenta\u00e7\u00e3o e armazenagem de gran\u00e9is s\u00f3lidos minerais, principalmente fertilizantes. A \u00e1rea tem 38 mil m\u00b2 e engloba o p\u00e1tio localizado em frente \u00e0 sede administrativa da Portos do Paran\u00e1 e o Terminal P\u00fablico de Fertilizantes. O levantamento preliminar aponta a necessidade de investimentos m\u00ednimos de R$ 233 milh\u00f5es, valor que ainda pode ser alterado. A PAR05 de cerca de 30 mil m\u00b2 est\u00e1 com os estudos em fase bem inicial.<\/p>\n<p>Fonte: Portos Portos<\/p>\n","protected":false},"excerpt":{"rendered":"<p>A empresa p\u00fablica Portos do Paran\u00e1 come\u00e7a o ano com duas novas \u00e1reas operacionais prontas para serem arrendadas. A PAR09, de 24 mil metros quadrados,&#8230;<\/p>\n","protected":false},"author":1527,"featured_media":43176,"comment_status":"closed","ping_status":"closed","sticky":false,"template":"","format":"standard","meta":{"footnotes":""},"categories":[6],"tags":[],"class_list":["post-43178","post","type-post","status-publish","format-standard","has-post-thumbnail","hentry","category-noticias"],"_links":{"self":[{"href":"https:\/\/www.sincomam.org.br\/index.php\/wp-json\/wp\/v2\/posts\/43178","targetHints":{"allow":["GET"]}}],"collection":[{"href":"https:\/\/www.sincomam.org.br\/index.php\/wp-json\/wp\/v2\/posts"}],"about":[{"href":"https:\/\/www.sincomam.org.br\/index.php\/wp-json\/wp\/v2\/types\/post"}],"author":[{"embeddable":true,"href":"https:\/\/www.sincomam.org.br\/index.php\/wp-json\/wp\/v2\/users\/1527"}],"replies":[{"embeddable":true,"href":"https:\/\/www.sincomam.org.br\/index.php\/wp-json\/wp\/v2\/comments?post=43178"}],"version-history":[{"count":1,"href":"https:\/\/www.sincomam.org.br\/index.php\/wp-json\/wp\/v2\/posts\/43178\/revisions"}],"predecessor-version":[{"id":43180,"href":"https:\/\/www.sincomam.org.br\/index.php\/wp-json\/wp\/v2\/posts\/43178\/revisions\/43180"}],"wp:featuredmedia":[{"embeddable":true,"href":"https:\/\/www.sincomam.org.br\/index.php\/wp-json\/wp\/v2\/media\/43176"}],"wp:attachment":[{"href":"https:\/\/www.sincomam.org.br\/index.php\/wp-json\/wp\/v2\/media?parent=43178"}],"wp:term":[{"taxonomy":"category","embeddable":true,"href":"https:\/\/www.sincomam.org.br\/index.php\/wp-json\/wp\/v2\/categories?post=43178"},{"taxonomy":"post_tag","embeddable":true,"href":"https:\/\/www.sincomam.org.br\/index.php\/wp-json\/wp\/v2\/tags?post=43178"}],"curies":[{"name":"wp","href":"https:\/\/api.w.org\/{rel}","templated":true}]}}