{"id":43165,"date":"2023-01-02T12:52:57","date_gmt":"2023-01-02T15:52:57","guid":{"rendered":"http:\/\/www.sincomam.org.br\/?p=43165"},"modified":"2023-01-02T13:16:53","modified_gmt":"2023-01-02T16:16:53","slug":"o-novo-presidente-da-petrobras-indicado-por-lula-confirma-que-o-governo-tera-politica-intervencionista-nos-precos-dos-combustiveis-da-petroleira-estatal","status":"publish","type":"post","link":"https:\/\/www.sincomam.org.br\/index.php\/o-novo-presidente-da-petrobras-indicado-por-lula-confirma-que-o-governo-tera-politica-intervencionista-nos-precos-dos-combustiveis-da-petroleira-estatal\/","title":{"rendered":"Novo presidente da Petrobras confirma que governo ter\u00e1 politica intervencionista nos pre\u00e7os dos combust\u00edveis"},"content":{"rendered":"<p>O senador\u00a0Jean Paul Prates (PT-RN), prov\u00e1vel pr\u00f3ximo presidente da Petrobras, afirmou ao Blog G1 que a fixa\u00e7\u00e3o dos pre\u00e7os dos combust\u00edveis \u00e9 \u201cuma responsabilidade do governo, e n\u00e3o apenas de uma empresa de mercado\u201d.<\/p>\n<p>A presidente do PT, Gleisi Hoffmann, verificou a reportagem do blog de que um parlamentar assumiria a dire\u00e7\u00e3o da Petrobras. Na sexta-feira, haver\u00e1 um an\u00fancio formal (30).<\/p>\n<p>De acordo com as declara\u00e7\u00f5es de Prates, as regras que o governo, na qualidade de governo e acionista majorit\u00e1rio, ser\u00e3o seguidas pela Petrobras. Mas \u00e9 seguro supor que todas as partes envolvidas pesar\u00e3o os benef\u00edcios da produ\u00e7\u00e3o de petr\u00f3leo e combust\u00edvel no Brasil contra a perda potencial de lucro para seus investidores.<\/p>\n<p>Hoje, o Pre\u00e7o de Paridade Internacional (PPI) \u00e9 utilizado pela Petrobras para determinar o\u00a0pre\u00e7o de varejo do diesel e da gasolina vendidos \u00e0s distribuidoras.<\/p>\n<p>Adotada em 2016 no governo de Michel Temer (MDB), essa estrat\u00e9gia foi condenada tanto pelo atual governo quanto pelo pr\u00f3ximo (durante a campanha, Lula fez a famosa declara\u00e7\u00e3o: \u201cN\u00e3o posso enriquecer o acionista e empobrecer a dona de casa\u00a0\u201c).<\/p>\n<p>O governo j\u00e1 havia regulado os pre\u00e7os e, em um esfor\u00e7o para controlar a infla\u00e7\u00e3o, a Petrobras vendia gasolina e diesel abaixo dos custos de mercado.<\/p>\n<p>Lula enfrenta uma s\u00e9rie de problemas, incluindo o aumento do pre\u00e7o da gasolina, em seus primeiros dias no cargo. Isso se deve ao fato de que a suspens\u00e3o de impostos federais, vencedora das elei\u00e7\u00f5es de Bolsonaro, expira neste pr\u00f3ximo s\u00e1bado (31). O Centro Brasileiro de Infraestrutura prev\u00ea que o pre\u00e7o do gal\u00e3o de gasolina, do gal\u00e3o de etanol e do gal\u00e3o de diesel aumentar\u00e1 R$ 0,69 como resultado.<\/p>\n<h2>Transi\u00e7\u00e3o energ\u00e9tica sem abrir m\u00e3o do petr\u00f3leo<\/h2>\n<p>O novo presidente da Petrobras tamb\u00e9m afirmou que far\u00e1 da facilita\u00e7\u00e3o da transi\u00e7\u00e3o energ\u00e9tica da empresa sua principal prioridade, sem deixar as opera\u00e7\u00f5es de petr\u00f3leo de lado.<\/p>\n<div id=\"quads-ad2\" class=\"quads-location quads-ad2\">\n<div id=\"denakop-ad-square-1\">\n<p>Um plano realista e frut\u00edfero para a empresa ser\u00e1 desenvolvido ap\u00f3s passar os primeiros meses, acessando todas as situa\u00e7\u00f5es de cada unidade da organiza\u00e7\u00e3o, como diz Prates.<\/p>\n<div id=\"quads-ad9\" class=\"quads-location quads-ad9\">Fonte: Click Petr\u00f3leo e G\u00e1s<\/div>\n<\/div>\n<\/div>\n<div id=\"quads-ad1\" class=\"quads-location quads-ad1\"><\/div>\n","protected":false},"excerpt":{"rendered":"<p>O senador\u00a0Jean Paul Prates (PT-RN), prov\u00e1vel pr\u00f3ximo presidente da Petrobras, afirmou ao Blog G1 que a fixa\u00e7\u00e3o dos pre\u00e7os dos combust\u00edveis \u00e9 \u201cuma responsabilidade do&#8230;<\/p>\n","protected":false},"author":1527,"featured_media":43166,"comment_status":"closed","ping_status":"closed","sticky":false,"template":"","format":"standard","meta":{"footnotes":""},"categories":[6],"tags":[],"class_list":["post-43165","post","type-post","status-publish","format-standard","has-post-thumbnail","hentry","category-noticias"],"_links":{"self":[{"href":"https:\/\/www.sincomam.org.br\/index.php\/wp-json\/wp\/v2\/posts\/43165","targetHints":{"allow":["GET"]}}],"collection":[{"href":"https:\/\/www.sincomam.org.br\/index.php\/wp-json\/wp\/v2\/posts"}],"about":[{"href":"https:\/\/www.sincomam.org.br\/index.php\/wp-json\/wp\/v2\/types\/post"}],"author":[{"embeddable":true,"href":"https:\/\/www.sincomam.org.br\/index.php\/wp-json\/wp\/v2\/users\/1527"}],"replies":[{"embeddable":true,"href":"https:\/\/www.sincomam.org.br\/index.php\/wp-json\/wp\/v2\/comments?post=43165"}],"version-history":[{"count":5,"href":"https:\/\/www.sincomam.org.br\/index.php\/wp-json\/wp\/v2\/posts\/43165\/revisions"}],"predecessor-version":[{"id":43174,"href":"https:\/\/www.sincomam.org.br\/index.php\/wp-json\/wp\/v2\/posts\/43165\/revisions\/43174"}],"wp:featuredmedia":[{"embeddable":true,"href":"https:\/\/www.sincomam.org.br\/index.php\/wp-json\/wp\/v2\/media\/43166"}],"wp:attachment":[{"href":"https:\/\/www.sincomam.org.br\/index.php\/wp-json\/wp\/v2\/media?parent=43165"}],"wp:term":[{"taxonomy":"category","embeddable":true,"href":"https:\/\/www.sincomam.org.br\/index.php\/wp-json\/wp\/v2\/categories?post=43165"},{"taxonomy":"post_tag","embeddable":true,"href":"https:\/\/www.sincomam.org.br\/index.php\/wp-json\/wp\/v2\/tags?post=43165"}],"curies":[{"name":"wp","href":"https:\/\/api.w.org\/{rel}","templated":true}]}}