{"id":43148,"date":"2022-12-30T10:36:25","date_gmt":"2022-12-30T13:36:25","guid":{"rendered":"http:\/\/www.sincomam.org.br\/?p=43148"},"modified":"2022-12-30T10:37:11","modified_gmt":"2022-12-30T13:37:11","slug":"o-que-pode-acontecer-se-eu-nao-declarar-o-imposto-de-renda","status":"publish","type":"post","link":"https:\/\/www.sincomam.org.br\/index.php\/o-que-pode-acontecer-se-eu-nao-declarar-o-imposto-de-renda\/","title":{"rendered":"O que pode acontecer se eu n\u00e3o declarar o Imposto de Renda?"},"content":{"rendered":"<p data-fetch=\"true\">Estar em dia com suas obriga\u00e7\u00f5es legais e com o fisco \u00e9 sempre a melhor op\u00e7\u00e3o. Isso evita futuras dores de cabe\u00e7a como multas e empecilhos com a Justi\u00e7a. Mesmo assim, alguns contribuintes ainda questionam o que acontece se n\u00e3o declararem o Imposto de Renda (IR).<\/p>\n<div id=\"P_JORNAL_CONTABIL_INTEXT_01_0\" data-premium=\"\" data-adunit=\"JORNAL_CONTABIL_INTEXT_01\" data-sizes-mobile=\"[[336,280],[300,250]]\" data-sizes-desktop=\"[[336,280],[300,250]]\" data-type=\"intext\" data-fetch=\"true\" data-google-query-id=\"CMGUydy6ofwCFUO7lQIdA38HbQ\">\n<h2 id=\"h-o-que-acontece-se-nao-declarar-o-ir\">O que acontece se n\u00e3o declarar o IR?<\/h2>\n<p>\u00c9 bom estar ciente de que os contribuintes que n\u00e3o entregam a declara\u00e7\u00e3o devem pagar uma multa no valor de R$165,74 pelo envio fora do prazo. Este \u00e9 o valor m\u00ednimo cobrado de multa aos contribuintes que devem entregar o IR, mas que n\u00e3o o fazem dentro do prazo determinado. A regra vale tanto para quem tem imposto a pagar quanto a restituir.<\/p>\n<p>A multa por entrega atrasada do Imposto de Renda \u00e9 de 1% ao m\u00eas sobre o valor do imposto a pagar at\u00e9 um limite de 20%. Mas, em casos que o contribuinte n\u00e3o possua imposto a pagar, ou em que o valor equivalente a 1% do imposto devido seja menor que R$ 165,74 o valor m\u00ednimo a ser pago ser\u00e1 esse.<\/p>\n<h2 id=\"h-cpf-irregular\">CPF irregular<\/h2>\n<p data-fetch=\"true\">Outra consequ\u00eancia \u00e9 o CPF que pode ficar irregular. No caso em que o contribuinte n\u00e3o entrega a declara\u00e7\u00e3o e n\u00e3o paga a multa, ele fica cadastrado no Cadastro Informativo dos Cr\u00e9ditos n\u00e3o Quitados de \u00d3rg\u00e3os e Entidades Estaduais (Cadin).<\/p>\n<\/div>\n<div data-premium=\"\" data-adunit=\"JORNAL_CONTABIL_INTEXT_02\" data-sizes-mobile=\"[[336,280],[300,250]]\" data-sizes-desktop=\"[[336,280],[300,250]]\" data-type=\"intext\" data-fetch=\"true\" data-google-query-id=\"CNDgn9-6ofwCFbq7lQIdRB0HQA\">\n<p>Na pr\u00e1tica, quando o CPF do contribuinte recebe uma consulta, aparece que ele est\u00e1 \u201cpendente de regulariza\u00e7\u00e3o\u201d. Nesta situa\u00e7\u00e3o, a pessoa fica impedida de conseguir fazer financiamentos, viajar para o exterior, de matricular-se em alguma institui\u00e7\u00e3o de ensino, tirar passaporte, ter cart\u00e3o de cr\u00e9dito, entre outros servi\u00e7os.<\/p>\n<h2 id=\"h-sonegacao-fiscal\">Sonega\u00e7\u00e3o fiscal<\/h2>\n<div id=\"jorna-1723932043\" class=\"jorna-amp-teads\">\n<div>Em casos mais extremos, quem n\u00e3o entrega a declara\u00e7\u00e3o e n\u00e3o paga multa passa por uma avalia\u00e7\u00e3o mais minuciosa das movimenta\u00e7\u00f5es financeiras. Assim, nesses casos, a Receita tamb\u00e9m pode cancelar o CPF do contribuinte e a pessoa pode receber a acusa\u00e7\u00e3o de crime de sonega\u00e7\u00e3o fiscal. A puni\u00e7\u00e3o pode chegar a at\u00e9 dois anos de pris\u00e3o.<\/div>\n<\/div>\n<h2 id=\"h-perdi-o-prazo-o-que-fazer\">Perdi o prazo. O que fazer?<\/h2>\n<p>Se voc\u00ea perdeu o prazo do Imposto de Renda e n\u00e3o sabe por onde come\u00e7ar, o primeiro passo \u00e9 acessar o programa da Receita Federal. Preencha as informa\u00e7\u00f5es e entregue a declara\u00e7\u00e3o, mesmo que atrasada.<\/p>\n<p>Todavia, a diferen\u00e7a \u00e9 que, ap\u00f3s o envio, ser\u00e1 gerado um Documento de Arrecada\u00e7\u00e3o de Receitas Federais (DARF). Nele deve ser feito o pagamento da multa \u2013 que deve ser realizado em at\u00e9 30 dias ap\u00f3s a emiss\u00e3o.<\/p>\n<p>A comprova\u00e7\u00e3o da apresenta\u00e7\u00e3o da declara\u00e7\u00e3o do IR \u00e9 feita por meio de recibo gravado depois da transmiss\u00e3o, no computador, em m\u00eddia remov\u00edvel ou no dispositivo m\u00f3vel que contenha a declara\u00e7\u00e3o transmitida.<\/p>\n<p>Fonte: Jornal Cont\u00e1bil<\/p>\n<\/div>\n","protected":false},"excerpt":{"rendered":"<p>Estar em dia com suas obriga\u00e7\u00f5es legais e com o fisco \u00e9 sempre a melhor op\u00e7\u00e3o. Isso evita futuras dores de cabe\u00e7a como multas e&#8230;<\/p>\n","protected":false},"author":1527,"featured_media":34011,"comment_status":"closed","ping_status":"closed","sticky":false,"template":"","format":"standard","meta":{"footnotes":""},"categories":[6],"tags":[],"class_list":["post-43148","post","type-post","status-publish","format-standard","has-post-thumbnail","hentry","category-noticias"],"_links":{"self":[{"href":"https:\/\/www.sincomam.org.br\/index.php\/wp-json\/wp\/v2\/posts\/43148","targetHints":{"allow":["GET"]}}],"collection":[{"href":"https:\/\/www.sincomam.org.br\/index.php\/wp-json\/wp\/v2\/posts"}],"about":[{"href":"https:\/\/www.sincomam.org.br\/index.php\/wp-json\/wp\/v2\/types\/post"}],"author":[{"embeddable":true,"href":"https:\/\/www.sincomam.org.br\/index.php\/wp-json\/wp\/v2\/users\/1527"}],"replies":[{"embeddable":true,"href":"https:\/\/www.sincomam.org.br\/index.php\/wp-json\/wp\/v2\/comments?post=43148"}],"version-history":[{"count":1,"href":"https:\/\/www.sincomam.org.br\/index.php\/wp-json\/wp\/v2\/posts\/43148\/revisions"}],"predecessor-version":[{"id":43149,"href":"https:\/\/www.sincomam.org.br\/index.php\/wp-json\/wp\/v2\/posts\/43148\/revisions\/43149"}],"wp:featuredmedia":[{"embeddable":true,"href":"https:\/\/www.sincomam.org.br\/index.php\/wp-json\/wp\/v2\/media\/34011"}],"wp:attachment":[{"href":"https:\/\/www.sincomam.org.br\/index.php\/wp-json\/wp\/v2\/media?parent=43148"}],"wp:term":[{"taxonomy":"category","embeddable":true,"href":"https:\/\/www.sincomam.org.br\/index.php\/wp-json\/wp\/v2\/categories?post=43148"},{"taxonomy":"post_tag","embeddable":true,"href":"https:\/\/www.sincomam.org.br\/index.php\/wp-json\/wp\/v2\/tags?post=43148"}],"curies":[{"name":"wp","href":"https:\/\/api.w.org\/{rel}","templated":true}]}}