{"id":43145,"date":"2022-12-30T10:34:33","date_gmt":"2022-12-30T13:34:33","guid":{"rendered":"http:\/\/www.sincomam.org.br\/?p=43145"},"modified":"2022-12-30T10:34:49","modified_gmt":"2022-12-30T13:34:49","slug":"trabalhador-vai-poder-sacar-o-fgts-nesta-2a-feira-veja-quem-tem-direito","status":"publish","type":"post","link":"https:\/\/www.sincomam.org.br\/index.php\/trabalhador-vai-poder-sacar-o-fgts-nesta-2a-feira-veja-quem-tem-direito\/","title":{"rendered":"Trabalhador vai poder sacar o FGTS nesta 2\u00aa feira. Veja quem tem direito"},"content":{"rendered":"<p>Os trabalhadores poder\u00e3o a partir desta segunda-feira, 2 de janeiro de 2023, fazer o saque-anivers\u00e1rio do FGTS (Fundo de Garantia do Tempo de Servi\u00e7o). O saque-anivers\u00e1rio permite que o empregado com carteira assinada retire parte do saldo do seu FGTS, anualmente, no m\u00eas de seu anivers\u00e1rio. Segundo a Caixa Econ\u00f4mica Federal, at\u00e9 agora, mais de 12,9 milh\u00f5es de pessoas j\u00e1 aderiram \u00e0 modalidade.<\/p>\n<h2 id=\"h-regras-do-saque-aniversario\">Regras do saque-anivers\u00e1rio<\/h2>\n<p>O trabalhador que aderir ao\u00a0saque-anivers\u00e1rio\u00a0precisa estar atento a uma regra: ele vai perder o direito de sacar o valor total do FGTS em caso de demiss\u00e3o sem justa causa. Por\u00e9m, poder\u00e1 sacar a multa rescis\u00f3ria de 40% paga pelo empregador.<\/p>\n<p>Lembrando que o resgate do dinheiro deve ser feito entre o primeiro dia \u00fatil do m\u00eas de nascimento do cotista e o \u00faltimo dia \u00fatil do segundo m\u00eas subsequente. Neste caso, quem nasceu em janeiro, tem at\u00e9 o dia 31 de mar\u00e7o para sacar o dinheiro.<\/p>\n<div id=\"jorna-1473619526\" class=\"jorna-conteudo_4\">\n<div>O trabalhador n\u00e3o pode esquecer que a ades\u00e3o dever\u00e1 ser feita at\u00e9 o \u00faltimo dia \u00fatil do m\u00eas de anivers\u00e1rio para que a mudan\u00e7a tenha validade no mesmo ano. A solicita\u00e7\u00e3o poder\u00e1 ser realizada por meio do aplicativo do FGTS (dispon\u00edvel para Android e iOS), site do Fundo de Garantia do Tempo de Garantia ou ir a uma ag\u00eancia da Caixa.<\/div>\n<\/div>\n<h2>Como aderir ao saque-anivers\u00e1rio?<\/h2>\n<p data-fetch=\"true\">Quem quiser optar pelo saque-anivers\u00e1rio deve fazer a ades\u00e3o pelo aplicativo do FGTS ou pelo site fgts.caixa.gov.br. L\u00e1 voc\u00ea clica em \u201cMeu FGTS\u201d, em seguida acesse a aba \u201cSaque-Anivers\u00e1rio\u201d. Voc\u00ea deve ent\u00e3o ler e concordar com os termos e condi\u00e7\u00f5es e clicar em \u201cAderir ao saque anivers\u00e1rio\u201d.<\/p>\n<div id=\"P_JORNAL_CONTABIL_INTEXT_02_0\" data-premium=\"\" data-adunit=\"JORNAL_CONTABIL_INTEXT_02\" data-sizes-mobile=\"[[336,280],[300,250]]\" data-sizes-desktop=\"[[336,280],[300,250]]\" data-type=\"intext\" data-fetch=\"true\" data-google-query-id=\"CPH77566ofwCFbG8lQId8sEBjg\">\n<p>O sistema da Caixa Econ\u00f4mica tamb\u00e9m permite que voc\u00ea fa\u00e7a uma simula\u00e7\u00e3o de quanto ir\u00e1 receber pelo saque-anivers\u00e1rio, levando em conta o seu saldo atual no FGTS.<\/p>\n<div id=\"jorna-353563977\" class=\"jorna-amp-teads\">\n<div>O valor da retirada depende da quantia dispon\u00edvel nas contas do trabalhador. Quem tem at\u00e9 R$ 500 pode resgatar 50% do valor, enquanto quem tem mais de R$ 20 mil s\u00f3 pode retirar 5%. Al\u00e9m disso, \u00e9 oferecida uma parcela adicional de at\u00e9 R$ 2,9 mil.<\/div>\n<\/div>\n<\/div>\n<div><\/div>\n<div>Fonte: Jornal Cont\u00e1bil<\/div>\n","protected":false},"excerpt":{"rendered":"<p>Os trabalhadores poder\u00e3o a partir desta segunda-feira, 2 de janeiro de 2023, fazer o saque-anivers\u00e1rio do FGTS (Fundo de Garantia do Tempo de Servi\u00e7o). O&#8230;<\/p>\n","protected":false},"author":1527,"featured_media":42885,"comment_status":"closed","ping_status":"closed","sticky":false,"template":"","format":"standard","meta":{"footnotes":""},"categories":[6],"tags":[],"class_list":["post-43145","post","type-post","status-publish","format-standard","has-post-thumbnail","hentry","category-noticias"],"_links":{"self":[{"href":"https:\/\/www.sincomam.org.br\/index.php\/wp-json\/wp\/v2\/posts\/43145","targetHints":{"allow":["GET"]}}],"collection":[{"href":"https:\/\/www.sincomam.org.br\/index.php\/wp-json\/wp\/v2\/posts"}],"about":[{"href":"https:\/\/www.sincomam.org.br\/index.php\/wp-json\/wp\/v2\/types\/post"}],"author":[{"embeddable":true,"href":"https:\/\/www.sincomam.org.br\/index.php\/wp-json\/wp\/v2\/users\/1527"}],"replies":[{"embeddable":true,"href":"https:\/\/www.sincomam.org.br\/index.php\/wp-json\/wp\/v2\/comments?post=43145"}],"version-history":[{"count":2,"href":"https:\/\/www.sincomam.org.br\/index.php\/wp-json\/wp\/v2\/posts\/43145\/revisions"}],"predecessor-version":[{"id":43147,"href":"https:\/\/www.sincomam.org.br\/index.php\/wp-json\/wp\/v2\/posts\/43145\/revisions\/43147"}],"wp:featuredmedia":[{"embeddable":true,"href":"https:\/\/www.sincomam.org.br\/index.php\/wp-json\/wp\/v2\/media\/42885"}],"wp:attachment":[{"href":"https:\/\/www.sincomam.org.br\/index.php\/wp-json\/wp\/v2\/media?parent=43145"}],"wp:term":[{"taxonomy":"category","embeddable":true,"href":"https:\/\/www.sincomam.org.br\/index.php\/wp-json\/wp\/v2\/categories?post=43145"},{"taxonomy":"post_tag","embeddable":true,"href":"https:\/\/www.sincomam.org.br\/index.php\/wp-json\/wp\/v2\/tags?post=43145"}],"curies":[{"name":"wp","href":"https:\/\/api.w.org\/{rel}","templated":true}]}}