{"id":43142,"date":"2022-12-30T10:27:13","date_gmt":"2022-12-30T13:27:13","guid":{"rendered":"http:\/\/www.sincomam.org.br\/?p=43142"},"modified":"2022-12-30T10:27:13","modified_gmt":"2022-12-30T13:27:13","slug":"marinha-do-brasil-resgata-tripulacao-de-veleiro-frances-que-ficou-a-deriva-em-alto-mar-no-para","status":"publish","type":"post","link":"https:\/\/www.sincomam.org.br\/index.php\/marinha-do-brasil-resgata-tripulacao-de-veleiro-frances-que-ficou-a-deriva-em-alto-mar-no-para\/","title":{"rendered":"Marinha do Brasil resgata tripula\u00e7\u00e3o de veleiro franc\u00eas que ficou \u00e0 deriva em alto-mar, no Par\u00e1"},"content":{"rendered":"<p class=\"rtejustify\">A Marinha do Brasil resgatou oito tripulantes do veleiro franc\u00eas \u201c7 eme Continent\u201d (S\u00e9timo Continente), que pertence a uma organiza\u00e7\u00e3o ambientalista. A embarca\u00e7\u00e3o, que navegava rumo \u00e0 Guiana Francesa, ficou \u00e0 deriva no dia 18 de dezembro, ap\u00f3s uma avaria no leme. Ap\u00f3s uma tentativa frustrada de reparo, a tripula\u00e7\u00e3o emitiu um pedido de socorro que chegou ao Salvamar Norte, estrutura da Marinha respons\u00e1vel por miss\u00f5es de resgate e salvamento no mar e nas \u00e1guas interiores do Norte do Brasil, com centro operacional localizado em Bel\u00e9m (PA).<\/p>\n<p class=\"rtejustify\">O veleiro foi localizado a aproximadamente 963 quil\u00f4metros de Bel\u00e9m (PA), pela tripula\u00e7\u00e3o do Navio-Patrulha (NPa) \u201cBocaina\u201d, subordinado ao Comando do Grupamento de Patrulha Naval do Norte, Organiza\u00e7\u00e3o Militar com sede na capital paraense. O NPa \u201cBocaina\u201d suspendeu da Base<br \/>\nNaval de Val-de-C\u00e3es, em Bel\u00e9m (PA), no dia 20 de dezembro e chegou ao ponto onde estava a embarca\u00e7\u00e3o francesa no in\u00edcio da madrugada do dia 23.<\/p>\n<p class=\"rtejustify\">O Navio-Patrulha \u201cBocaina\u201d retornou para Bel\u00e9m na manh\u00e3 desta quarta-feira (28), trazendo todos os integrantes da expedi\u00e7\u00e3o francesa, bem como o veleiro avariado, rebocado. Os oitotripulantes do veleiro \u2013 quatro homens e quatro mulheres, todos de nacionalidade francesa, com idades entre 16 e 66 anos \u2013, est\u00e3o em boas condi\u00e7\u00f5es de sa\u00fade.<\/p>\n<p class=\"rtejustify\"><strong>Expedi\u00e7\u00e3o francesa<\/strong><\/p>\n<p class=\"rtejustify\">O veleiro \u201c7 eme Continent\u201d suspendeu do Porto de S\u00e8te, cidade francesa no Mar Mediterr\u00e2neo, no dia 7 de novembro. Ap\u00f3s escalas em Gibraltar e Cabo Verde, seguia rumo \u00e0 Guiana Francesa com oito tripulantes, todos volunt\u00e1rios da ONG que tem o mesmo nome do veleiro. A institui\u00e7\u00e3o se dedica ao desenvolvimento de pesquisas e a\u00e7\u00f5es educativas sobre a polui\u00e7\u00e3o causada por part\u00edculas de pl\u00e1stico nos oceanos.<\/p>\n<p class=\"rtejustify\">O prop\u00f3sito da viagem era desenvolver a \u201c6\u00aa Jornada Pedag\u00f3gica Proteger os Oceanos e Aprender\u201d, que previa exposi\u00e7\u00f5es em 11 Portos da Guiana Francesa, Martinica, Guadalupe e San Martin.<\/p>\n<p class=\"rtejustify\">As a\u00e7\u00f5es educativas estavam programadas para o per\u00edodo entre 2 de janeiro e 19 de mar\u00e7o. Por\u00e9m, segundo o navegador Philippe Jean Gilbert Hirel, imediato do veleiro, os planos poder\u00e3o ser modificados devido \u00e0 necessidade de reparos na embarca\u00e7\u00e3o, que precisar\u00e1 ser docada (isto \u00e9, precisar\u00e1 ser levada a um dique seco para que o problema no leme seja consertado).<\/p>\n<p class=\"rtejustify\">\u201cEst\u00e1vamos em uma noite de calmaria, com ventos de cinco a sete n\u00f3s, quando de repente sentimos a embarca\u00e7\u00e3o guinar para o lado oposto ao vento. Desligamos os motores e, pela manh\u00e3, nosso comandante (Patrick Deixonne) mergulhou e percebeu que o leme n\u00e3o se mexia. N\u00e3o<br \/>\nsentimos nenhum impacto, nem havia objetos ou peixes perto do barco\u201d, conta o Philippe Hirel.<\/p>\n<p class=\"rtejustify\"><strong>Pedido de socorro<\/strong><\/p>\n<p class=\"rtejustify\">A tripula\u00e7\u00e3o do veleiro entrou em contato, via sat\u00e9lite, com representantes da ONG, na Fran\u00e7a. Estes enviaram um alerta para a autoridade mar\u00edtima em Fort de France, na Martinica (departamento franc\u00eas no Caribe). Por e-mail, Fort de France acionou o Salvamar Norte, em Bel\u00e9m.<br \/>\nAs coordenadas para a localiza\u00e7\u00e3o do barco dos pesquisadores franceses chegaram ao Salvamar \u00e0s 18h de 20 de dezembro. \u00c0s 22h, o NPa Bocaina suspendeu, com 39 tripulantes a bordo, incluindo equipe m\u00e9dica.<\/p>\n<p class=\"rtejustify\">O Navio da Marinha do Brasil localizou o \u201c7 eme Continent\u201d por volta de zero hora dia 23 de dezembro. Por conta da movimenta\u00e7\u00e3o das ondas, a manobra de aproxima\u00e7\u00e3o e resgate durou toda a madrugada.<\/p>\n<p class=\"rtejustify\">Os ocupantes do veleiro passaram por avalia\u00e7\u00e3o cl\u00ednica, que atestou que todos estavam em boas condi\u00e7\u00f5es de sa\u00fade, embora estivessem assustados e famintos \u2013 o veleiro ainda contava com boa reserva de \u00e1gua, mas os alimentos estavam escassos.<\/p>\n<p class=\"rtejustify\">Militares brasileiros e ativistas franceses passaram a noite de Natal juntos, no refeit\u00f3rio do Npa \u201cBocaina\u201d. \u201cQuando vi o navio militar se aproximar, pensei, \u2018estamos salvos\u2019! Foi uma experi\u00eancia incr\u00edvel sermos resgatados em condi\u00e7\u00f5es seguras, o que foi dif\u00edcil, pois o mar estava<br \/>\nmuito forte. Depois, quando est\u00e1vamos no navio, me senti muito segura, porque todas as pessoas eram realmente muito humanas. Eu senti \u2018agora podemos descansar!\u2019. Foi uma excelente atmosfera aqui. As pessoas s\u00e3o realmente muito soci\u00e1veis. Foi a noite de Natal mais incomum em toda a minha vida. Eu gosto de estar no mar, ent\u00e3o, n\u00e3o foi nada mal\u201d, relata a volunt\u00e1ria Louise Denise Odette Belpalme.<\/p>\n<p class=\"rtejustify\">Para o comandante do Navio brasileiro, Capit\u00e3o-de-Corveta Jos\u00e9 Heder Freitas Coelho, passar o Natal em alto-mar, ap\u00f3s uma bem-sucedida miss\u00e3o de resgate, foi gratificante. \u201cHouve bastante dificuldade, por causa das condi\u00e7\u00f5es do mar. Demoramos algumas horas para conseguirmos arriar os botes e trazer a tripula\u00e7\u00e3o para dentro do navio. A primeira coisa quepediram foi comida. A uni\u00e3o da tripula\u00e7\u00e3o nos ajudou a passar por esse momento com tranquilidade\u201d.<\/p>\n<p>Na chegada a Bel\u00e9m, o veleiro passou por revista de c\u00e3es farejadores. Os tripulantes foram orientados a se apresentarem \u00e0 Receita Federal, portando passaportes e os documentos da embarca\u00e7\u00e3o.<\/p>\n<p class=\"rtejustify\">Os ambientalistas resgatados s\u00e3o: Patrick Georges Deixonne (57 anos); Philippe Jean Gilbert Hirel (66); Fabien Marcel Francis Richard Allouard (30); Louise Denise Odette Belpalme (36); Samuel Deixonne (16); Lesia Lucia Josephine Piro (25); Maud Anne Laure Tarico (40); e Maria Marie Esperanza Batalla Sobrino \u00c9pouse Deluy (59).<\/p>\n<p class=\"rtejustify\"><strong>Disque 185: emerg\u00eancias mar\u00edtimas ou fluviais<\/strong><\/p>\n<p class=\"rtejustify\">O Servi\u00e7o de Busca e Salvamento da Marinha (Salvamar) tem a miss\u00e3o de prestar aux\u00edlio \u00e0 vida humana em perigo no mar, nos portos e nas vias naveg\u00e1veis interiores.<\/p>\n<p class=\"rtejustify\">Os integrantes do Salvamar est\u00e3o sempre preparados e estrategicamente posicionados, 24 horas por dia, para prestar aux\u00edlio atendendo aos pedidos de socorro. Para isto, s\u00e3o utilizados navios, aeronaves e mergulhadores da Marinha, bem como embarca\u00e7\u00f5es de entidades privadas, \u00f3rg\u00e3os governamentais e empresas, acionadas por uma estrutura de aux\u00edlio m\u00fatuo.<\/p>\n<p class=\"rtejustify\">O canal 16 (frequ\u00eancia 156.8MHz) de uma esta\u00e7\u00e3o r\u00e1dio VHF (a bordo ou em terra) \u00e9 exclusivo para chamada e escuta (internacional) para pedir socorro via r\u00e1dio. O fone 185 \u00e9destinado exclusivamente para receber pedidos de socorro.<\/p>\n<p>Fonte: Defesa em Foco<\/p>\n","protected":false},"excerpt":{"rendered":"<p>A Marinha do Brasil resgatou oito tripulantes do veleiro franc\u00eas \u201c7 eme Continent\u201d (S\u00e9timo Continente), que pertence a uma organiza\u00e7\u00e3o ambientalista. A embarca\u00e7\u00e3o, que navegava&#8230;<\/p>\n","protected":false},"author":1527,"featured_media":43143,"comment_status":"closed","ping_status":"closed","sticky":false,"template":"","format":"standard","meta":{"footnotes":""},"categories":[6],"tags":[],"class_list":["post-43142","post","type-post","status-publish","format-standard","has-post-thumbnail","hentry","category-noticias"],"_links":{"self":[{"href":"https:\/\/www.sincomam.org.br\/index.php\/wp-json\/wp\/v2\/posts\/43142","targetHints":{"allow":["GET"]}}],"collection":[{"href":"https:\/\/www.sincomam.org.br\/index.php\/wp-json\/wp\/v2\/posts"}],"about":[{"href":"https:\/\/www.sincomam.org.br\/index.php\/wp-json\/wp\/v2\/types\/post"}],"author":[{"embeddable":true,"href":"https:\/\/www.sincomam.org.br\/index.php\/wp-json\/wp\/v2\/users\/1527"}],"replies":[{"embeddable":true,"href":"https:\/\/www.sincomam.org.br\/index.php\/wp-json\/wp\/v2\/comments?post=43142"}],"version-history":[{"count":1,"href":"https:\/\/www.sincomam.org.br\/index.php\/wp-json\/wp\/v2\/posts\/43142\/revisions"}],"predecessor-version":[{"id":43144,"href":"https:\/\/www.sincomam.org.br\/index.php\/wp-json\/wp\/v2\/posts\/43142\/revisions\/43144"}],"wp:featuredmedia":[{"embeddable":true,"href":"https:\/\/www.sincomam.org.br\/index.php\/wp-json\/wp\/v2\/media\/43143"}],"wp:attachment":[{"href":"https:\/\/www.sincomam.org.br\/index.php\/wp-json\/wp\/v2\/media?parent=43142"}],"wp:term":[{"taxonomy":"category","embeddable":true,"href":"https:\/\/www.sincomam.org.br\/index.php\/wp-json\/wp\/v2\/categories?post=43142"},{"taxonomy":"post_tag","embeddable":true,"href":"https:\/\/www.sincomam.org.br\/index.php\/wp-json\/wp\/v2\/tags?post=43142"}],"curies":[{"name":"wp","href":"https:\/\/api.w.org\/{rel}","templated":true}]}}