{"id":43130,"date":"2022-12-30T10:13:16","date_gmt":"2022-12-30T13:13:16","guid":{"rendered":"http:\/\/www.sincomam.org.br\/?p=43130"},"modified":"2022-12-30T10:13:16","modified_gmt":"2022-12-30T13:13:16","slug":"cobertura-vacinal-e-reducao-de-filas-na-saude-sao-desafios-do-governo","status":"publish","type":"post","link":"https:\/\/www.sincomam.org.br\/index.php\/cobertura-vacinal-e-reducao-de-filas-na-saude-sao-desafios-do-governo\/","title":{"rendered":"Cobertura vacinal e redu\u00e7\u00e3o de filas na sa\u00fade s\u00e3o desafios do governo"},"content":{"rendered":"<p>Recuperar o or\u00e7amento e estabelecer medidas de resgate da autoridade sanit\u00e1ria e da capacidade t\u00e9cnica do Minist\u00e9rio da Sa\u00fade para a coordena\u00e7\u00e3o do Sistema \u00danico de Sa\u00fade (SUS) est\u00e3o entre os principais desafios do governo do presidente eleito Luiz In\u00e1cio Lula da Silva, que toma posse no pr\u00f3ximo\u00a0domingo\u00a0(1\u00ba).<img decoding=\"async\" src=\"https:\/\/agenciabrasil.ebc.com.br\/ebc.png?id=1500240&amp;o=node\" \/><img decoding=\"async\" src=\"https:\/\/agenciabrasil.ebc.com.br\/ebc.gif?id=1500240&amp;o=node\" \/><\/p>\n<p>Ambas as estrat\u00e9gias s\u00e3o consideradas essenciais para que as demais prioridades da \u00e1rea, como o retorno\u00a0de altos \u00edndices de\u00a0coberturas vacinais e o enfrentamento de filas na aten\u00e7\u00e3o especializada, possam ser efetivadas. A pasta ser\u00e1 comandada pela atual presidente da Funda\u00e7\u00e3o Oswaldo Cruz (Fiocruz), N\u00edsia Trindade.<\/p>\n<p>Segundo relat\u00f3rio elaborado pela equipe de transi\u00e7\u00e3o, o pa\u00eds vive uma grave crise sanit\u00e1ria. Al\u00e9m das quase 700 mil mortes causadas pela covid-19, o documento destaca um quadro de piora generalizada de indicadores, citando o risco de reintrodu\u00e7\u00e3o de doen\u00e7as como a poliomielite e o retorno de interna\u00e7\u00f5es por desnutri\u00e7\u00e3o infantil provocadas pela fome.<\/p>\n<p>A proposta \u00e9 implementar um esfor\u00e7o concentrado nacional para reduzir filas de espera para diagn\u00f3sticos,\u00a0tratamentos e cirurgias de baixa e m\u00e9dia complexidade, todas muito afetadas pela pandemia. Esse esfor\u00e7o, de acordo com o relat\u00f3rio, deve estar articulado a a\u00e7\u00f5es estruturantes para a reorganiza\u00e7\u00e3o de uma aten\u00e7\u00e3o b\u00e1sica resolutiva e integrada.<\/p>\n<h2>Desafios<\/h2>\n<p>Ainda de acordo com\u00a0a publica\u00e7\u00e3o elaborada pela equipe de transi\u00e7\u00e3o, o grave quadro sanit\u00e1rio brasileiro decorre de um conjunto de retrocessos institucionais, or\u00e7ament\u00e1rios e normativos que levaram ao desmonte das pol\u00edticas de sa\u00fade e que afetaram o funcionamento de diversas \u00e1reas do SUS.<\/p>\n<p>\u201cA degrada\u00e7\u00e3o da autoridade sanit\u00e1ria nacional e do papel de coordena\u00e7\u00e3o e articula\u00e7\u00e3o do Minist\u00e9rio da Sa\u00fade foram fatores chave na desestrutura\u00e7\u00e3o de pol\u00edticas e programas at\u00e9 ent\u00e3o bem-sucedidos, como o Programa Nacional de Imuniza\u00e7\u00f5es (PNI), Mais M\u00e9dicos, Farm\u00e1cia Popular, IST-Aids e Pol\u00edtica Nacional de Sa\u00fade Integral da Popula\u00e7\u00e3o Negra.\u201d<\/p>\n<p>O documento destaca que tamb\u00e9m foram seriamente afetados servi\u00e7os que comp\u00f5em as redes assistenciais do SUS: aten\u00e7\u00e3o b\u00e1sica, sa\u00fade mental, sa\u00fade da mulher, urg\u00eancia e pessoa com defici\u00eancia. A estimativa \u00e9 que, de 2018 a 2022, as perdas do SUS chegaram a quase R$ 60 bilh\u00f5es, descontando-se gastos autorizados por medidas provis\u00f3rias relacionadas \u00e0 covid-19.<\/p>\n<p>\u201cPara 2023, a sa\u00fade sofreu o impacto da desorganiza\u00e7\u00e3o provocada pela proposta de or\u00e7amento do governo, com consequ\u00eancias delet\u00e9rias para programas como o Farm\u00e1cia Popular, o Mais M\u00e9dicos\/M\u00e9dicos pelo Brasil, o Sa\u00fade Ind\u00edgena, entre outros. Tamb\u00e9m \u00e9 alt\u00edssimo o risco de colapso de servi\u00e7os essenciais por falta de financiamento federal e por comprometimento da compra de insumos essenciais, incluindo vacinas e medicamentos.\u201d<\/p>\n<h2>Prioridades<\/h2>\n<p>O documento defende priorizar a recupera\u00e7\u00e3o de \u00e1reas como sa\u00fade mental, sa\u00fade da mulher, da crian\u00e7a e do adolescente e da popula\u00e7\u00e3o ind\u00edgena. O mesmo olhar deve recair sobre programas citados como bem-sucedidos, mas desmantelados ao longo dos \u00faltimos anos, como o Farm\u00e1cia Popular. Por fim, o relat\u00f3rio destaca a retomada do est\u00edmulo ao desenvolvimento do Complexo Econ\u00f4mico e Industrial da Sa\u00fade e da transforma\u00e7\u00e3o digital do SUS.<\/p>\n<p>A publica\u00e7\u00e3o avalia ainda como urgente a verifica\u00e7\u00e3o das condi\u00e7\u00f5es de suporte, insumos e contratos em geral, citadas como \u201cseriamente comprometidas\u201d e como medidas fundamentais para a retomada do desenvolvimento de um sistema de sa\u00fade p\u00fablico, universal, integral e gratuito.<\/p>\n<p>\u201cCom rela\u00e7\u00e3o aos colegiados de participa\u00e7\u00e3o social, que foram desarticulados e desacreditados, imp\u00f5e-se o resgate do compromisso com o fortalecimento do Conselho Nacional de Sa\u00fade (CNS), indispens\u00e1vel ao controle social e \u00e0 gest\u00e3o participativa no SUS; e a retomada das confer\u00eancias nacionais de sa\u00fade\u201d.<\/p>\n<p>Fonte: Ag\u00eancia Brasil<\/p>\n","protected":false},"excerpt":{"rendered":"<p>Recuperar o or\u00e7amento e estabelecer medidas de resgate da autoridade sanit\u00e1ria e da capacidade t\u00e9cnica do Minist\u00e9rio da Sa\u00fade para a coordena\u00e7\u00e3o do Sistema \u00danico&#8230;<\/p>\n","protected":false},"author":1527,"featured_media":43131,"comment_status":"closed","ping_status":"closed","sticky":false,"template":"","format":"standard","meta":{"footnotes":""},"categories":[6],"tags":[],"class_list":["post-43130","post","type-post","status-publish","format-standard","has-post-thumbnail","hentry","category-noticias"],"_links":{"self":[{"href":"https:\/\/www.sincomam.org.br\/index.php\/wp-json\/wp\/v2\/posts\/43130","targetHints":{"allow":["GET"]}}],"collection":[{"href":"https:\/\/www.sincomam.org.br\/index.php\/wp-json\/wp\/v2\/posts"}],"about":[{"href":"https:\/\/www.sincomam.org.br\/index.php\/wp-json\/wp\/v2\/types\/post"}],"author":[{"embeddable":true,"href":"https:\/\/www.sincomam.org.br\/index.php\/wp-json\/wp\/v2\/users\/1527"}],"replies":[{"embeddable":true,"href":"https:\/\/www.sincomam.org.br\/index.php\/wp-json\/wp\/v2\/comments?post=43130"}],"version-history":[{"count":1,"href":"https:\/\/www.sincomam.org.br\/index.php\/wp-json\/wp\/v2\/posts\/43130\/revisions"}],"predecessor-version":[{"id":43132,"href":"https:\/\/www.sincomam.org.br\/index.php\/wp-json\/wp\/v2\/posts\/43130\/revisions\/43132"}],"wp:featuredmedia":[{"embeddable":true,"href":"https:\/\/www.sincomam.org.br\/index.php\/wp-json\/wp\/v2\/media\/43131"}],"wp:attachment":[{"href":"https:\/\/www.sincomam.org.br\/index.php\/wp-json\/wp\/v2\/media?parent=43130"}],"wp:term":[{"taxonomy":"category","embeddable":true,"href":"https:\/\/www.sincomam.org.br\/index.php\/wp-json\/wp\/v2\/categories?post=43130"},{"taxonomy":"post_tag","embeddable":true,"href":"https:\/\/www.sincomam.org.br\/index.php\/wp-json\/wp\/v2\/tags?post=43130"}],"curies":[{"name":"wp","href":"https:\/\/api.w.org\/{rel}","templated":true}]}}